{"id":1247,"date":"2025-01-23T16:43:00","date_gmt":"2025-01-23T16:43:00","guid":{"rendered":"https:\/\/www.rengoenlanoticia.cl\/prensa\/?p=1247"},"modified":"2025-01-23T16:43:02","modified_gmt":"2025-01-23T16:43:02","slug":"en-marzo-se-abren-las-postulaciones-a-la-donacion-de-arboles-de-conaf","status":"publish","type":"post","link":"https:\/\/www.rengoenlanoticia.cl\/prensa\/2025\/01\/23\/en-marzo-se-abren-las-postulaciones-a-la-donacion-de-arboles-de-conaf\/","title":{"rendered":"En marzo se abren las postulaciones a la donaci\u00f3n de \u00e1rboles de CONAF"},"content":{"rendered":"\n<p>A partir del 17 de marzo estar\u00e1n disponibles los formularios en el sitio web de CONAF para personas naturales y jur\u00eddicas de todo el pa\u00eds que deseen postular a \u00e1rboles, a trav\u00e9s del Programa de Arborizaci\u00f3n de la instituci\u00f3n.<\/p>\n\n\n\n<p>Desde el a\u00f1o 2010, este programa trabaja en la generaci\u00f3n de servicios ecosist\u00e9micos, incrementando y creando espacios arbolados en zonas urbanas y periurbanas, con plantas con valor patrimonial y cultural. Al mismo tiempo difunde los beneficios que estas proporcionan a la sociedad para mejorar la calidad de vida de la poblaci\u00f3n.<\/p>\n\n\n\n<p>El director regional de CONAF, \u00d3scar Galdames Flores, explic\u00f3 que las plantas que se entregar\u00e1n son producidas en los viveros de la Corporaci\u00f3n a quienes presenten una propuesta de arborizaci\u00f3n aprobada por el personal de CONAF y su donaci\u00f3n est\u00e1 basada en la disponibilidad de especies en cada vivero.<\/p>\n\n\n\n<p>En este sentido precis\u00f3 que en ning\u00fan caso, el Programa de Arborizaci\u00f3n podr\u00e1 entregar plantas a personas naturales o jur\u00eddicas, p\u00fablicas o privadas que vendan, hagan cambios, permutas o que tengan la obligaci\u00f3n legal de plantar.<\/p>\n\n\n\n<p>En caso de que quienes deseen postular no cuenten con un computador con acceso a internet, podr\u00e1n dirigirse a la oficina regional ubicada en Cuevas 480, en el centro de Rancagua, para ser atendido por personal de CONAF del \u00e1rea.<\/p>\n\n\n\n<p>Pasos a seguir:<\/p>\n\n\n\n<p>En el link <a href=\"https:\/\/www.conaf.cl\/manejo-de-ecosistemas\/programa-de-arborizacion\/entrega-de-plantas\/\">https:\/\/www.conaf.cl\/manejo-de-ecosistemas\/programa-de-arborizacion\/entrega-de-plantas\/<\/a> las personas interesadas deben seleccionar la regi\u00f3n en la cual se realizar\u00e1 la plantaci\u00f3n y completar el formulario que se desplegar\u00e1 con toda la informaci\u00f3n requerida.<\/p>\n\n\n\n<p>Una vez enviado el formulario, profesionales de CONAF se contactar\u00e1n con los y las postulantes mediante correo electr\u00f3nico, en un plazo no mayor a 30 d\u00edas h\u00e1biles para dar la respuesta definitiva a su solicitud, ya sea esta denegada o aceptada.<\/p>\n\n\n\n<p>En caso de ser aceptada la solicitud, se informar\u00e1 por correo electr\u00f3nico u otro medio disponible, el lugar, la fecha y la hora para hacer el retiro de las plantas.<\/p>\n","protected":false},"excerpt":{"rendered":"A partir del 17 de marzo estar\u00e1n disponibles los formularios en el sitio web de CONAF para personas&hellip;\n","protected":false},"author":1,"featured_media":0,"comment_status":"open","ping_status":"open","sticky":false,"template":"","format":"standard","meta":{"_monsterinsights_skip_tracking":false,"_monsterinsights_sitenote_active":false,"_monsterinsights_sitenote_note":"","_monsterinsights_sitenote_category":0,"footnotes":""},"categories":[8],"tags":[],"class_list":{"0":"post-1247","1":"post","2":"type-post","3":"status-publish","4":"format-standard","6":"category-portada"},"aioseo_notices":[],"_links":{"self":[{"href":"https:\/\/www.rengoenlanoticia.cl\/prensa\/wp-json\/wp\/v2\/posts\/1247","targetHints":{"allow":["GET"]}}],"collection":[{"href":"https:\/\/www.rengoenlanoticia.cl\/prensa\/wp-json\/wp\/v2\/posts"}],"about":[{"href":"https:\/\/www.rengoenlanoticia.cl\/prensa\/wp-json\/wp\/v2\/types\/post"}],"author":[{"embeddable":true,"href":"https:\/\/www.rengoenlanoticia.cl\/prensa\/wp-json\/wp\/v2\/users\/1"}],"replies":[{"embeddable":true,"href":"https:\/\/www.rengoenlanoticia.cl\/prensa\/wp-json\/wp\/v2\/comments?post=1247"}],"version-history":[{"count":2,"href":"https:\/\/www.rengoenlanoticia.cl\/prensa\/wp-json\/wp\/v2\/posts\/1247\/revisions"}],"predecessor-version":[{"id":1249,"href":"https:\/\/www.rengoenlanoticia.cl\/prensa\/wp-json\/wp\/v2\/posts\/1247\/revisions\/1249"}],"wp:attachment":[{"href":"https:\/\/www.rengoenlanoticia.cl\/prensa\/wp-json\/wp\/v2\/media?parent=1247"}],"wp:term":[{"taxonomy":"category","embeddable":true,"href":"https:\/\/www.rengoenlanoticia.cl\/prensa\/wp-json\/wp\/v2\/categories?post=1247"},{"taxonomy":"post_tag","embeddable":true,"href":"https:\/\/www.rengoenlanoticia.cl\/prensa\/wp-json\/wp\/v2\/tags?post=1247"}],"curies":[{"name":"wp","href":"https:\/\/api.w.org\/{rel}","templated":true}]}}