{"id":1242,"date":"2025-01-23T16:39:52","date_gmt":"2025-01-23T16:39:52","guid":{"rendered":"https:\/\/www.rengoenlanoticia.cl\/prensa\/?p=1242"},"modified":"2025-01-23T16:39:54","modified_gmt":"2025-01-23T16:39:54","slug":"activate-en-vacaciones-2024-ministerios-de-educacion-desarrollo-social-y-familia-junto-a-junaeb-presentan-actividades-deportivas-y-artisticas-para-disfrutar-este-verano","status":"publish","type":"post","link":"https:\/\/www.rengoenlanoticia.cl\/prensa\/2025\/01\/23\/activate-en-vacaciones-2024-ministerios-de-educacion-desarrollo-social-y-familia-junto-a-junaeb-presentan-actividades-deportivas-y-artisticas-para-disfrutar-este-verano\/","title":{"rendered":"\u00a1Act\u00edvate en Vacaciones 2024! Ministerios de Educaci\u00f3n, Desarrollo Social y Familia junto a JUNAEB presentan actividades deportivas y art\u00edsticas para disfrutar este verano"},"content":{"rendered":"\n<p><strong>A nivel nacional, se desarrollar\u00e1n 110 proyectos<a> beneficiando a m\u00e1s de 11 mil estudiantes no solo durante este verano, sino tambi\u00e9n en las vacaciones de invierno<\/a>.<\/strong><\/p>\n\n\n\n<p>Con la presencia de las secretarias ministeriales de Educaci\u00f3n, Alyson Hadad y de Desarrollo Social, Nayadeth Ahumada, m\u00e1s la directora regional de la JUNAEB, Susana Casas y la jefa DEPROV Colchagua, Andrea Mira, entre otras autoridades, visitaron una de las escuelas de Verano pertenecientes al programa \u201cAct\u00edvate en Vacaciones 2025\u201d, iniciativa que forma parte del \u00abPlan Integral para el Bienestar de Ni\u00f1os, Ni\u00f1as y Adolescentes: Chile Crece M\u00e1s\u00bb, presentado por el Presidente Gabriel Boric en su Cuenta P\u00fablica Presidencial.<\/p>\n\n\n\n<p>Este programa releva el compromiso del Gobierno por generar m\u00e1s y mejores espacios para la educaci\u00f3n, la recreaci\u00f3n y la entretenci\u00f3n en un ambiente seguro, que permita fortalecer el bienestar integral de ni\u00f1as, ni\u00f1os y j\u00f3venes.<\/p>\n\n\n\n<figure class=\"wp-block-image size-full\"><img decoding=\"async\" src=\"https:\/\/www.rengoenlanoticia.cl\/prensa\/wp-content\/uploads\/2025\/01\/activate-ddss-3.jpg\" alt=\"\" class=\"wp-image-1244\"\/><\/figure>\n\n\n\n<p>La actividad se desarroll\u00f3 en la Escuela Giuseppe Bortoluzzi de San Fernando, ocasi\u00f3n en la que autoridades compartieron experiencias con los ni\u00f1os, ni\u00f1as y j\u00f3venes que asisten a la escuela de verano; adem\u00e1s de recorrer la exposici\u00f3n de trabajos y manualidades realizadas por las y los estudiantes durante su participaci\u00f3n en el programa.<\/p>\n\n\n\n<p>Al respecto, la Seremi de Educaci\u00f3n, Alyson Hadad, se\u00f1al\u00f3: \u201cEste tipo de alianzas permiten lo que hoy estamos presenciando: que nuestras ni\u00f1as y ni\u00f1os cuenten con espacios de distensi\u00f3n y entretenimiento a cargo de profesionales con experiencia en las artes y actividad f\u00edsica, de manera gratuita y con alimentaci\u00f3n incluida que proporciona la JUNAEB\u201d.&nbsp;<\/p>\n\n\n\n<figure class=\"wp-block-image size-full\"><img decoding=\"async\" src=\"https:\/\/www.rengoenlanoticia.cl\/prensa\/wp-content\/uploads\/2025\/01\/activate-ddss-2.jpg\" alt=\"\" class=\"wp-image-1245\"\/><\/figure>\n\n\n\n<p>Asimismo, la Seremi de Desarrollo Social y Familia, Nayadeth Ahumada Herrera, destac\u00f3 que: \u201cA trav\u00e9s de un trabajo intersectorial, estamos generando acciones efectivas que van en directo apoyo al bienestar de ni\u00f1os, ni\u00f1as y adolescentes de la regi\u00f3n. Esta iniciativa del Gobierno del Presidente Gabriel Boric es parte de Plan Integral para el Bienestar de Ni\u00f1os, Ni\u00f1as y Adolescentes, que impulsa la Subsecretar\u00eda de la Ni\u00f1ez, con foco especial en la prevenci\u00f3n de situaciones de vulneraci\u00f3n de derechos y promoci\u00f3n de entornos sociales y comunitarios seguros. Estamos muy contentos de que el \u2018Act\u00edvate en Vacaciones\u2019 se est\u00e9 desarrollando exitosamente en la escuela Giuseppe Bortoluzzi, beneficiando a decenas de ni\u00f1os y ni\u00f1as de San Fernando\u201d concluy\u00f3 la autoridad.<\/p>\n","protected":false},"excerpt":{"rendered":"A nivel nacional, se desarrollar\u00e1n 110 proyectos beneficiando a m\u00e1s de 11 mil estudiantes no solo durante este&hellip;\n","protected":false},"author":1,"featured_media":0,"comment_status":"open","ping_status":"open","sticky":false,"template":"","format":"standard","meta":{"_monsterinsights_skip_tracking":false,"_monsterinsights_sitenote_active":false,"_monsterinsights_sitenote_note":"","_monsterinsights_sitenote_category":0,"footnotes":""},"categories":[8],"tags":[],"class_list":{"0":"post-1242","1":"post","2":"type-post","3":"status-publish","4":"format-standard","6":"category-portada"},"aioseo_notices":[],"_links":{"self":[{"href":"https:\/\/www.rengoenlanoticia.cl\/prensa\/wp-json\/wp\/v2\/posts\/1242","targetHints":{"allow":["GET"]}}],"collection":[{"href":"https:\/\/www.rengoenlanoticia.cl\/prensa\/wp-json\/wp\/v2\/posts"}],"about":[{"href":"https:\/\/www.rengoenlanoticia.cl\/prensa\/wp-json\/wp\/v2\/types\/post"}],"author":[{"embeddable":true,"href":"https:\/\/www.rengoenlanoticia.cl\/prensa\/wp-json\/wp\/v2\/users\/1"}],"replies":[{"embeddable":true,"href":"https:\/\/www.rengoenlanoticia.cl\/prensa\/wp-json\/wp\/v2\/comments?post=1242"}],"version-history":[{"count":1,"href":"https:\/\/www.rengoenlanoticia.cl\/prensa\/wp-json\/wp\/v2\/posts\/1242\/revisions"}],"predecessor-version":[{"id":1246,"href":"https:\/\/www.rengoenlanoticia.cl\/prensa\/wp-json\/wp\/v2\/posts\/1242\/revisions\/1246"}],"wp:attachment":[{"href":"https:\/\/www.rengoenlanoticia.cl\/prensa\/wp-json\/wp\/v2\/media?parent=1242"}],"wp:term":[{"taxonomy":"category","embeddable":true,"href":"https:\/\/www.rengoenlanoticia.cl\/prensa\/wp-json\/wp\/v2\/categories?post=1242"},{"taxonomy":"post_tag","embeddable":true,"href":"https:\/\/www.rengoenlanoticia.cl\/prensa\/wp-json\/wp\/v2\/tags?post=1242"}],"curies":[{"name":"wp","href":"https:\/\/api.w.org\/{rel}","templated":true}]}}