{"id":1239,"date":"2025-01-23T16:33:26","date_gmt":"2025-01-23T16:33:26","guid":{"rendered":"https:\/\/www.rengoenlanoticia.cl\/prensa\/?p=1239"},"modified":"2025-01-23T16:33:28","modified_gmt":"2025-01-23T16:33:28","slug":"autoridades-dan-inicio-al-programa-vacaciones-en-mi-jardin-de-fundacion-integra-un-verano-de-entretencion-y-juego","status":"publish","type":"post","link":"https:\/\/www.rengoenlanoticia.cl\/prensa\/2025\/01\/23\/autoridades-dan-inicio-al-programa-vacaciones-en-mi-jardin-de-fundacion-integra-un-verano-de-entretencion-y-juego\/","title":{"rendered":"Autoridades dan inicio al Programa Vacaciones en mi Jard\u00edn de Fundaci\u00f3n Integra: Un verano de entretenci\u00f3n y juego"},"content":{"rendered":"\n<p>Hasta las dependencias de la sala cuna y jard\u00edn infantil Ayekant\u00fan, en la comuna de San Fernando, lleg\u00f3 la directora regional (s) de Fundaci\u00f3n Integra, Alejandra Toro, junto a la seremi de Educaci\u00f3n, &nbsp;Alyson Hadad, &nbsp;y la directora regional de Junji, Marjorie Alzamora, para participar en una jornada habitual del programa Vacaciones en mi Jard\u00edn, una iniciativa de Fundaci\u00f3n Integra&nbsp; cuyo objetivo es entregar a ni\u00f1as, ni\u00f1os y familias \u2013durante el per\u00edodo en que las salas cuna y jardines infantiles interrumpen su atenci\u00f3n regular\u2013 acceso a actividades l\u00fadicas y recreativas en ambientes seguros y de bienestar integral.<\/p>\n\n\n\n<p>Las autoridades compartieron actividades de pintura&nbsp; en el nivel sala cuna. Mientras que con el nivel medio realizaron un picnic acompa\u00f1ado de juegos de motricidad, dando por inaugurada la temporada estival del programa.<\/p>\n\n\n\n<p>Cabe se\u00f1alar que, este programa actualmente se lleva a cabo en seis jardines de la Regi\u00f3n de O\u00b4Higgins: Bello Horizonte en&nbsp; Rengo, Umuntu en Rancagua, Valle de Luz en Santa Cruz, Gotitas de Amor en Pichilemu y Ayekant\u00fan en San Fernando.<\/p>\n\n\n\n<p>\u201cRealizamos este hito de inauguraci\u00f3n compartiendo con las ni\u00f1as y ni\u00f1os que asistente a este programa, pudiendo conocer el quehacer del equipo educativo y las apreciaciones de familias y apoderados\u201d, explic\u00f3 Alejandra Toro.<\/p>\n\n\n\n<p>Asimismo, destac\u00f3 \u201cque nos encontramos con equipos muy preparados, para cuidar y proteger el bienestar de ni\u00f1as y ni\u00f1os, lo que es nuestra prioridad en Fundaci\u00f3n Integra\u201d.<\/p>\n\n\n\n<p>Por su parte, la seremi de Educaci\u00f3n Alyson Hadad, se\u00f1al\u00f3 que \u201cesta iniciativa es un tremendo apoyo para las familias y una experiencia muy bonita para los ni\u00f1os y ni\u00f1as que est\u00e1n presentes en nuestros jardines infantiles durante todo el verano, recibiendo una atenci\u00f3n de primer\u00edsima calidad, con equipos multidisciplinarios. Estos espacios les permiten a los ni\u00f1os y ni\u00f1as desarrollarse, tener actividades educativas pero siempre basadas en el juego y, a trav\u00e9s de diferentes acciones, &nbsp;crecer en felicidad\u201d.<\/p>\n\n\n\n<p>Para la directora regional de Junji, Marjorie Alzamora, \u201cla Educaci\u00f3n Parvularia no para y este programa &nbsp;es una tremenda experiencia para los ni\u00f1os y ni\u00f1as, donde pueden socializar con p\u00e1rvulos provenientes de otras unidades educativas. Visitamos un lugar cuidado, lleno de juegos e intervenciones que les permiten, incluso en verano, tener unas vacaciones bastante cuidadas, pero tambi\u00e9n con muchos aprendizajes\u201d.<\/p>\n\n\n\n<p>Es importante destacar que, las salas cunas y jardines infantiles donde se desarrolla el programa Vacaciones en mi Jard\u00edn, cuentan con diversos materiales did\u00e1cticos y elementos de protecci\u00f3n personal \u2013bloqueadores solares y gorros\u2013, adem\u00e1s de alimentaci\u00f3n basada en las necesidades de la estaci\u00f3n.<\/p>\n","protected":false},"excerpt":{"rendered":"Hasta las dependencias de la sala cuna y jard\u00edn infantil Ayekant\u00fan, en la comuna de San Fernando, lleg\u00f3&hellip;\n","protected":false},"author":1,"featured_media":0,"comment_status":"open","ping_status":"open","sticky":false,"template":"","format":"standard","meta":{"_monsterinsights_skip_tracking":false,"_monsterinsights_sitenote_active":false,"_monsterinsights_sitenote_note":"","_monsterinsights_sitenote_category":0,"footnotes":""},"categories":[8],"tags":[],"class_list":{"0":"post-1239","1":"post","2":"type-post","3":"status-publish","4":"format-standard","6":"category-portada"},"aioseo_notices":[],"_links":{"self":[{"href":"https:\/\/www.rengoenlanoticia.cl\/prensa\/wp-json\/wp\/v2\/posts\/1239","targetHints":{"allow":["GET"]}}],"collection":[{"href":"https:\/\/www.rengoenlanoticia.cl\/prensa\/wp-json\/wp\/v2\/posts"}],"about":[{"href":"https:\/\/www.rengoenlanoticia.cl\/prensa\/wp-json\/wp\/v2\/types\/post"}],"author":[{"embeddable":true,"href":"https:\/\/www.rengoenlanoticia.cl\/prensa\/wp-json\/wp\/v2\/users\/1"}],"replies":[{"embeddable":true,"href":"https:\/\/www.rengoenlanoticia.cl\/prensa\/wp-json\/wp\/v2\/comments?post=1239"}],"version-history":[{"count":1,"href":"https:\/\/www.rengoenlanoticia.cl\/prensa\/wp-json\/wp\/v2\/posts\/1239\/revisions"}],"predecessor-version":[{"id":1241,"href":"https:\/\/www.rengoenlanoticia.cl\/prensa\/wp-json\/wp\/v2\/posts\/1239\/revisions\/1241"}],"wp:attachment":[{"href":"https:\/\/www.rengoenlanoticia.cl\/prensa\/wp-json\/wp\/v2\/media?parent=1239"}],"wp:term":[{"taxonomy":"category","embeddable":true,"href":"https:\/\/www.rengoenlanoticia.cl\/prensa\/wp-json\/wp\/v2\/categories?post=1239"},{"taxonomy":"post_tag","embeddable":true,"href":"https:\/\/www.rengoenlanoticia.cl\/prensa\/wp-json\/wp\/v2\/tags?post=1239"}],"curies":[{"name":"wp","href":"https:\/\/api.w.org\/{rel}","templated":true}]}}