{"id":1226,"date":"2025-01-23T00:31:44","date_gmt":"2025-01-23T00:31:44","guid":{"rendered":"https:\/\/www.rengoenlanoticia.cl\/prensa\/?p=1226"},"modified":"2025-01-23T00:31:47","modified_gmt":"2025-01-23T00:31:47","slug":"emprendedoras-de-la-region-de-ohiggins-sernameg-invita-a-postular-al-programa-mujer-emprende-2025","status":"publish","type":"post","link":"https:\/\/www.rengoenlanoticia.cl\/prensa\/2025\/01\/23\/emprendedoras-de-la-region-de-ohiggins-sernameg-invita-a-postular-al-programa-mujer-emprende-2025\/","title":{"rendered":"Emprendedoras de la regi\u00f3n de O\u2019Higgins: SernamEG invita a postular al Programa Mujer Emprende 2025"},"content":{"rendered":"\n<p>Las postulaciones estar\u00e1n abiertas hasta el 14 de febrero de 2025 o hasta que se completen los cupos disponibles.<\/p>\n\n\n\n<p>El Programa busca fortalecer los emprendimientos \u2013de al menos un a\u00f1o de antig\u00fcedad-, liderados por mujeres.<\/p>\n\n\n\n<p>Avanzar en la autonom\u00eda econ\u00f3mica de las mujeres, promoviendo su desarrollo integral y sostenible es el objetivo principal del Programa Mujer Emprende del Servicio Nacional de la Mujer y la Equidad de G\u00e9nero (SernamEG), al cual ya pueden postular emprendedoras del territorio.<\/p>\n\n\n\n<p>Esta l\u00ednea de trabajo, ha logrado posicionarse como una de las m\u00e1s reconocidas por las mujeres que buscan potenciar sus negocios en la regi\u00f3n, ya que ofrece herramientas formativas en distintos \u00e1mbitos del emprendimiento, como tambi\u00e9n por la posibilidad de participar en espacios de comercializaci\u00f3n que les permite un desarrollo integral y sostenible.<\/p>\n\n\n\n<p>\u201cDurante el 2024 tuvimos grandes hitos para las participantes de este Programa en nuestra regi\u00f3n. Gestionamos diversos espacios de comercializaci\u00f3n en la regi\u00f3n, que permitieron visibilizar el tremendo trabajo que ellas realizan. Del mismo modo, logramos impulsar la primera tienda colaborativa emplazada en un Mall de Rancagua, lo que marc\u00f3 un precedente no s\u00f3lo en la regi\u00f3n, sino que tambi\u00e9n a nivel nacional para nuestro Servicio; todo con el apoyo y trabajo p\u00fablico-privado. Este 2025, el Programa tendr\u00e1 algunas modificaciones las que s\u00f3lo buscan mejorar a\u00fan m\u00e1s la oferta de herramientas que apuntan a robustecer los emprendimientos femeninos de las participantes\u201d, explic\u00f3 la directora regional del SernamEG O\u2019Higgins, Mar\u00eda Jes\u00fas Avello Rifo.<\/p>\n\n\n\n<p>Para postular, las interesadas deben ser mayores de 18 a\u00f1os, contar con un emprendimiento con al menos un a\u00f1o de antig\u00fcedad, pertenecer al 80% de la caracterizaci\u00f3n socioecon\u00f3mica (CSE) del Registro Social de Hogares (RSH), dedicar al menos 20 horas semanales a su emprendimiento y haber finalizado su educaci\u00f3n media.<\/p>\n\n\n\n<p><strong>El Programa ofrece diversas herramientas y espacios formativos:<\/strong><\/p>\n\n\n\n<p>Tal como se\u00f1al\u00f3 la directora regional del SernamEG, este a\u00f1o el Programa Mujer Emprende ser\u00e1 implementado con algunas modificaciones, respecto a los a\u00f1os anteriores, los que tienen como finalidad avanzar en los reales requerimientos de quienes participan y, por supuesto, ajustarse a los avances y realidades que la comunidad de mujeres emprendedoras necesitan.<\/p>\n\n\n\n<p>Algunos de los componentes que dar\u00e1n vida al Programa son:<\/p>\n\n\n\n<p><strong>Academia Mujer Emprende:<\/strong> Una capacitaci\u00f3n asincr\u00f3nica de 40 horas que busca profesionalizar los emprendimientos liderados por mujeres. Los contenidos incluyen innovaci\u00f3n, marketing, atenci\u00f3n al cliente\/a, modelo de negocio, y m\u00e1s, con un enfoque de g\u00e9nero y gesti\u00f3n estrat\u00e9gica.<\/p>\n\n\n\n<p><strong>Redes para Fortalecer el Emprendimiento:<\/strong> Espacios formativos enfocados en compartir experiencias, generar redes, fomentar la asociatividad y el trabajo colaborativo. Adem\u00e1s, se entregar\u00e1 informaci\u00f3n sobre normativas legales para la constituci\u00f3n de organizaciones asociativas y herramientas t\u00e9cnicas para proyectos colectivos.<\/p>\n\n\n\n<p>Adem\u00e1s de otros beneficio como espacios de comercializaci\u00f3n, cursos, talleres y charlas dirigidos a fortalecer las capacidades de las mujeres emprendedoras.<\/p>\n\n\n\n<p><strong>Plazos y proceso de postulaci\u00f3n<\/strong><\/p>\n\n\n\n<p>Las interesadas podr\u00e1n postular a trav\u00e9s de <a href=\"http:\/\/www.sernameg.gob.cl\">www.sernameg.gob.cl<\/a> o de manera presencial en las direcciones regionales de SernamEG.<\/p>\n\n\n\n<p>Durante marzo de 2025, las postulantes seleccionadas ser\u00e1n contactadas a trav\u00e9s de tel\u00e9fono o correo electr\u00f3nico por las direcciones regionales de SernamEG.<\/p>\n","protected":false},"excerpt":{"rendered":"Las postulaciones estar\u00e1n abiertas hasta el 14 de febrero de 2025 o hasta que se completen los cupos&hellip;\n","protected":false},"author":1,"featured_media":0,"comment_status":"open","ping_status":"open","sticky":false,"template":"","format":"standard","meta":{"_monsterinsights_skip_tracking":false,"_monsterinsights_sitenote_active":false,"_monsterinsights_sitenote_note":"","_monsterinsights_sitenote_category":0,"footnotes":""},"categories":[8],"tags":[],"class_list":{"0":"post-1226","1":"post","2":"type-post","3":"status-publish","4":"format-standard","6":"category-portada"},"aioseo_notices":[],"_links":{"self":[{"href":"https:\/\/www.rengoenlanoticia.cl\/prensa\/wp-json\/wp\/v2\/posts\/1226","targetHints":{"allow":["GET"]}}],"collection":[{"href":"https:\/\/www.rengoenlanoticia.cl\/prensa\/wp-json\/wp\/v2\/posts"}],"about":[{"href":"https:\/\/www.rengoenlanoticia.cl\/prensa\/wp-json\/wp\/v2\/types\/post"}],"author":[{"embeddable":true,"href":"https:\/\/www.rengoenlanoticia.cl\/prensa\/wp-json\/wp\/v2\/users\/1"}],"replies":[{"embeddable":true,"href":"https:\/\/www.rengoenlanoticia.cl\/prensa\/wp-json\/wp\/v2\/comments?post=1226"}],"version-history":[{"count":2,"href":"https:\/\/www.rengoenlanoticia.cl\/prensa\/wp-json\/wp\/v2\/posts\/1226\/revisions"}],"predecessor-version":[{"id":1229,"href":"https:\/\/www.rengoenlanoticia.cl\/prensa\/wp-json\/wp\/v2\/posts\/1226\/revisions\/1229"}],"wp:attachment":[{"href":"https:\/\/www.rengoenlanoticia.cl\/prensa\/wp-json\/wp\/v2\/media?parent=1226"}],"wp:term":[{"taxonomy":"category","embeddable":true,"href":"https:\/\/www.rengoenlanoticia.cl\/prensa\/wp-json\/wp\/v2\/categories?post=1226"},{"taxonomy":"post_tag","embeddable":true,"href":"https:\/\/www.rengoenlanoticia.cl\/prensa\/wp-json\/wp\/v2\/tags?post=1226"}],"curies":[{"name":"wp","href":"https:\/\/api.w.org\/{rel}","templated":true}]}}