{"id":1214,"date":"2025-01-23T00:20:19","date_gmt":"2025-01-23T00:20:19","guid":{"rendered":"https:\/\/www.rengoenlanoticia.cl\/prensa\/?p=1214"},"modified":"2025-01-23T00:20:21","modified_gmt":"2025-01-23T00:20:21","slug":"mas-de-8-mil-postulantes-de-ohiggins-fueron-seleccionados-en-universidades-por-el-sistema-de-acceso","status":"publish","type":"post","link":"https:\/\/www.rengoenlanoticia.cl\/prensa\/2025\/01\/23\/mas-de-8-mil-postulantes-de-ohiggins-fueron-seleccionados-en-universidades-por-el-sistema-de-acceso\/","title":{"rendered":"M\u00e1s de 8 mil postulantes de O\u00b4Higgins fueron seleccionados en universidades por el Sistema de Acceso"},"content":{"rendered":"\n<p>Tras la entrega de resultados PAES, el pasado 6 de enero comenz\u00f3 el proceso de postulaciones a las 45 universidades adscritas al Sistema de Acceso, siendo entregados los resultados este lunes 20, momento en el cual las y los postulantes conocieron en qu\u00e9 carrera y universidad fueron seleccionadas\/os.<\/p>\n\n\n\n<p>\u201cTenemos excelentes noticias para nuestra regi\u00f3n luego de conocer los resultados del proceso de selecci\u00f3n: en esta admisi\u00f3n 2025, 8.461 postulantes resultaron seleccionados; es decir, 364 m\u00e1s que el a\u00f1o anterior. Esto adem\u00e1s de ponernos felices porque se traduce en que estamos ampliando las posibilidades para que todos los y las j\u00f3venes accedan a la educaci\u00f3n superior\u201d, comenz\u00f3 anunciando la Seremi de Educaci\u00f3n, Alyson Hadad.<\/p>\n\n\n\n<p>\u201cEste nuevo sistema, promueve el ingreso de postulantes provenientes de contextos socioecon\u00f3micos desventajados gracias a programas como el PACE, por ejemplo, el cual permiti\u00f3 un aumento del 20 al 25% en el n\u00famero de estudiantes con mayor rendimiento; adem\u00e1s, la pol\u00edtica M\u00e1s Mujeres Cient\u00edficas (+MC) permiti\u00f3 otorgar m\u00e1s de 2.800 vacantes a nivel nacional destinadas s\u00f3lo para mujeres en las \u00e1reas de las Ciencias, Tecnolog\u00eda y Matem\u00e1ticas\u201d, se\u00f1al\u00f3&nbsp; la autoridad regional de Educaci\u00f3n.<\/p>\n\n\n\n<p>Es importante recordar que las nuevas v\u00edas de acceso para la educaci\u00f3n superior son: regular, M\u00e1s Mujeres Cient\u00edficas, Beca Excelencia Acad\u00e9mica y Programa PACE.&nbsp;<\/p>\n\n\n\n<figure class=\"wp-block-image size-large\"><img decoding=\"async\" src=\"https:\/\/www.rengoenlanoticia.cl\/prensa\/wp-content\/uploads\/2025\/01\/desayuno-dte-6-1024x539.jpg\" alt=\"\" class=\"wp-image-1216\"\/><\/figure>\n\n\n\n<p>En cu\u00e1nto a las y los seleccionados seg\u00fan la dependencia del establecimiento de egreso, la titular regional del MINEDUC, Alyson Hadad, detall\u00f3:<br>\u201cDel total de los seleccionados, el 87% proviene de establecimientos p\u00fablicos y subvencionados; es decir, en aquellas unidades educativas donde el Estado \u2013 en este caso el Ministerio de Educaci\u00f3n \u2013 coloca recursos; lo que nos indica que las pol\u00edticas implementadas durante los \u00faltimos a\u00f1os han surtido el efecto esperado. Tambi\u00e9n es importante destacar que la mayor cantidad de postulantes egresaron de colegios o liceo Cient\u00edfico Humanistas y las mujeres seleccionadas superaron en cantidad a los hombres: 4.877 mujeres seleccionadas y 3.584 hombres de nuestra regi\u00f3n\u201d, inform\u00f3 la seremi Alyson Hadad, agregando que: \u201cde \u00e9stos, la gran mayor\u00eda fue a trav\u00e9s de v\u00eda regular (8.037), Beca Excelencia Acad\u00e9mica (89), M\u00e1s Mujeres Cient\u00edficas (119) y PACE, 216\u201d.<\/p>\n\n\n\n<p><strong><u>Proceso de Matr\u00edcula 2025<\/u><\/strong><\/p>\n\n\n\n<p>Una vez seleccionados los postulantes, es momento de concretar la matr\u00edcula; proceso que se divide en tres etapas como detalla la seremi Alyson Hadad:<\/p>\n\n\n\n<p>\u201cMa\u00f1ana jueves 23 culmina el primer per\u00edodo de matr\u00edcula a las 45 universidades adscritas al Sistema de Acceso; un segundo per\u00edodo comienza desde el 24 al 30 de enero y, por \u00faltimo, una tercera instancia desde el 31 de enero con la salvedad que s\u00f3lo algunas instituciones pueden continuar matriculando estudiantes en la medida que cuenten con vacantes\u201d, explic\u00f3 la autoridad.<\/p>\n\n\n\n<p>Es importante tener en consideraci\u00f3n que existe el \u201cretracto a matr\u00edcula\u201d, el cual es el derecho que tienen las personas que se matriculen en alguna instituci\u00f3n para anular el contrato contra\u00eddo con otra universidad. Este retracto se puede ejercer desde el 21 al 30 de enero, para lo cual es necesario presentar un certificado de matr\u00edcula vigente en otra instituci\u00f3n de Educaci\u00f3n Superior. Dicho proceso debe ser gestionado directamente en la universidad donde se matricul\u00f3 originalmente, de acuerdo con los lineamientos emanados del SERNAC.<\/p>\n","protected":false},"excerpt":{"rendered":"Tras la entrega de resultados PAES, el pasado 6 de enero comenz\u00f3 el proceso de postulaciones a las&hellip;\n","protected":false},"author":1,"featured_media":0,"comment_status":"open","ping_status":"open","sticky":false,"template":"","format":"standard","meta":{"_monsterinsights_skip_tracking":false,"_monsterinsights_sitenote_active":false,"_monsterinsights_sitenote_note":"","_monsterinsights_sitenote_category":0,"footnotes":""},"categories":[8],"tags":[],"class_list":{"0":"post-1214","1":"post","2":"type-post","3":"status-publish","4":"format-standard","6":"category-portada"},"aioseo_notices":[],"_links":{"self":[{"href":"https:\/\/www.rengoenlanoticia.cl\/prensa\/wp-json\/wp\/v2\/posts\/1214","targetHints":{"allow":["GET"]}}],"collection":[{"href":"https:\/\/www.rengoenlanoticia.cl\/prensa\/wp-json\/wp\/v2\/posts"}],"about":[{"href":"https:\/\/www.rengoenlanoticia.cl\/prensa\/wp-json\/wp\/v2\/types\/post"}],"author":[{"embeddable":true,"href":"https:\/\/www.rengoenlanoticia.cl\/prensa\/wp-json\/wp\/v2\/users\/1"}],"replies":[{"embeddable":true,"href":"https:\/\/www.rengoenlanoticia.cl\/prensa\/wp-json\/wp\/v2\/comments?post=1214"}],"version-history":[{"count":2,"href":"https:\/\/www.rengoenlanoticia.cl\/prensa\/wp-json\/wp\/v2\/posts\/1214\/revisions"}],"predecessor-version":[{"id":1218,"href":"https:\/\/www.rengoenlanoticia.cl\/prensa\/wp-json\/wp\/v2\/posts\/1214\/revisions\/1218"}],"wp:attachment":[{"href":"https:\/\/www.rengoenlanoticia.cl\/prensa\/wp-json\/wp\/v2\/media?parent=1214"}],"wp:term":[{"taxonomy":"category","embeddable":true,"href":"https:\/\/www.rengoenlanoticia.cl\/prensa\/wp-json\/wp\/v2\/categories?post=1214"},{"taxonomy":"post_tag","embeddable":true,"href":"https:\/\/www.rengoenlanoticia.cl\/prensa\/wp-json\/wp\/v2\/tags?post=1214"}],"curies":[{"name":"wp","href":"https:\/\/api.w.org\/{rel}","templated":true}]}}