{"id":1092,"date":"2025-01-20T17:03:37","date_gmt":"2025-01-20T17:03:37","guid":{"rendered":"https:\/\/www.rengoenlanoticia.cl\/prensa\/?p=1092"},"modified":"2025-01-20T17:05:09","modified_gmt":"2025-01-20T17:05:09","slug":"2-detenidos-por-ordenes-vigentes-por-los-delitos-de-robo-en-lugar-habitado-y-falsificacion-de-instrumento-publico","status":"publish","type":"post","link":"https:\/\/www.rengoenlanoticia.cl\/prensa\/2025\/01\/20\/2-detenidos-por-ordenes-vigentes-por-los-delitos-de-robo-en-lugar-habitado-y-falsificacion-de-instrumento-publico\/","title":{"rendered":"2 detenidos por \u00f3rdenes vigentes por los delitos de robo en lugar habitado y falsificaci\u00f3n de instrumento p\u00fablico"},"content":{"rendered":"\n<p><\/p>\n\n\n\n<p>El d\u00eda s\u00e1bado 19 del presente mes, personal territorial de la 4ta. Comisar\u00eda Rengo, tras efectuar patrullajes preventivos por el sector c\u00e9ntrico de la comuna; procede a fiscalizar a dos personas adultas, individualizadas con las iniciales P.M.O.V., de 33 a\u00f1os y a D.F.C.P., de 33 a\u00f1os, ambos chileno; los que al ser consultado en las plataformas institucionales presentaron \u00f3rdenes de detenci\u00f3n vigente, por los delitos de Robo en lugar habitado y falsificaci\u00f3n de instrumento p\u00fablico emanadas por el Juzgado de Garant\u00eda de Rengo y Juzgado de Garant\u00eda de Villa Alemana.<\/p>\n","protected":false},"excerpt":{"rendered":"El d\u00eda s\u00e1bado 19 del presente mes, personal territorial de la 4ta. Comisar\u00eda Rengo, tras efectuar patrullajes preventivos&hellip;\n","protected":false},"author":1,"featured_media":0,"comment_status":"open","ping_status":"open","sticky":false,"template":"","format":"standard","meta":{"_monsterinsights_skip_tracking":false,"_monsterinsights_sitenote_active":false,"_monsterinsights_sitenote_note":"","_monsterinsights_sitenote_category":0,"footnotes":""},"categories":[5],"tags":[],"class_list":{"0":"post-1092","1":"post","2":"type-post","3":"status-publish","4":"format-standard","6":"category-policial"},"aioseo_notices":[],"_links":{"self":[{"href":"https:\/\/www.rengoenlanoticia.cl\/prensa\/wp-json\/wp\/v2\/posts\/1092","targetHints":{"allow":["GET"]}}],"collection":[{"href":"https:\/\/www.rengoenlanoticia.cl\/prensa\/wp-json\/wp\/v2\/posts"}],"about":[{"href":"https:\/\/www.rengoenlanoticia.cl\/prensa\/wp-json\/wp\/v2\/types\/post"}],"author":[{"embeddable":true,"href":"https:\/\/www.rengoenlanoticia.cl\/prensa\/wp-json\/wp\/v2\/users\/1"}],"replies":[{"embeddable":true,"href":"https:\/\/www.rengoenlanoticia.cl\/prensa\/wp-json\/wp\/v2\/comments?post=1092"}],"version-history":[{"count":3,"href":"https:\/\/www.rengoenlanoticia.cl\/prensa\/wp-json\/wp\/v2\/posts\/1092\/revisions"}],"predecessor-version":[{"id":1097,"href":"https:\/\/www.rengoenlanoticia.cl\/prensa\/wp-json\/wp\/v2\/posts\/1092\/revisions\/1097"}],"wp:attachment":[{"href":"https:\/\/www.rengoenlanoticia.cl\/prensa\/wp-json\/wp\/v2\/media?parent=1092"}],"wp:term":[{"taxonomy":"category","embeddable":true,"href":"https:\/\/www.rengoenlanoticia.cl\/prensa\/wp-json\/wp\/v2\/categories?post=1092"},{"taxonomy":"post_tag","embeddable":true,"href":"https:\/\/www.rengoenlanoticia.cl\/prensa\/wp-json\/wp\/v2\/tags?post=1092"}],"curies":[{"name":"wp","href":"https:\/\/api.w.org\/{rel}","templated":true}]}}