{"id":1088,"date":"2025-01-20T15:59:47","date_gmt":"2025-01-20T15:59:47","guid":{"rendered":"https:\/\/www.rengoenlanoticia.cl\/prensa\/?p=1088"},"modified":"2025-01-20T15:59:49","modified_gmt":"2025-01-20T15:59:49","slug":"pdi-detiene-a-mujer-que-causo-la-muerte-a-un-hombre-boliviano","status":"publish","type":"post","link":"https:\/\/www.rengoenlanoticia.cl\/prensa\/2025\/01\/20\/pdi-detiene-a-mujer-que-causo-la-muerte-a-un-hombre-boliviano\/","title":{"rendered":"PDI detiene a mujer que caus\u00f3 la muerte a un hombre Boliviano"},"content":{"rendered":"\n<p>Detectives de la Brigada de Homicidios (BH) de Rancagua, por instrucci\u00f3n de la Fiscal\u00eda Regional de O\u2019Higgins y con apoyo de la Brigada de Investigaci\u00f3n Criminal (BICRIM) San Vicente de Tagua-Tagua y del Laboratorio de Criminal\u00edstica (LACRIM) Regional Rancagua, realizaron la primeras diligencias del proceso investigativo para esclarecer el homicidio con arma cortante, que afect\u00f3 a un ciudadano boliviano, de 29 a\u00f1os, con situaci\u00f3n migratoria irregular.<\/p>\n\n\n\n<p>Una vez realizado el trabajo cient\u00edfico t\u00e9cnico y de campo en el sitio de suceso del sector \u201cPueblo de Indios\u201d, de la referida comuna, se estableci\u00f3 que la v\u00edctima hab\u00eda estado compartiendo con una mujer, quien tras una discusi\u00f3n lo agredi\u00f3 con un arma cortopunzante, caus\u00e1ndole una herida en la regi\u00f3n tor\u00e1xica, para luego huir. Pese al traslado a un centro asistencial, y debido a la gravedad de la lesi\u00f3n, el herido falleci\u00f3 mientras recib\u00eda atenci\u00f3n m\u00e9dica.<\/p>\n\n\n\n<p>Con los medios de prueba necesarios, los detectives detuvieron a la mujer, chilena, de 38 a\u00f1os, por su responsabilidad en el crimen, y recuperaron el arma homicida. Asimismo, se estableci\u00f3 que la imputada registraba una orden de aprehensi\u00f3n pendiente por \u201crobo en lugar habitado\u201d. La agresora, con antecedentes delictuales, fue puesta en esta jornada a disposici\u00f3n de los tribunales competentes para su formalizaci\u00f3n.<\/p>\n","protected":false},"excerpt":{"rendered":"Detectives de la Brigada de Homicidios (BH) de Rancagua, por instrucci\u00f3n de la Fiscal\u00eda Regional de O\u2019Higgins y&hellip;\n","protected":false},"author":1,"featured_media":0,"comment_status":"open","ping_status":"open","sticky":false,"template":"","format":"standard","meta":{"_monsterinsights_skip_tracking":false,"_monsterinsights_sitenote_active":false,"_monsterinsights_sitenote_note":"","_monsterinsights_sitenote_category":0,"footnotes":""},"categories":[5],"tags":[],"class_list":{"0":"post-1088","1":"post","2":"type-post","3":"status-publish","4":"format-standard","6":"category-policial"},"aioseo_notices":[],"_links":{"self":[{"href":"https:\/\/www.rengoenlanoticia.cl\/prensa\/wp-json\/wp\/v2\/posts\/1088","targetHints":{"allow":["GET"]}}],"collection":[{"href":"https:\/\/www.rengoenlanoticia.cl\/prensa\/wp-json\/wp\/v2\/posts"}],"about":[{"href":"https:\/\/www.rengoenlanoticia.cl\/prensa\/wp-json\/wp\/v2\/types\/post"}],"author":[{"embeddable":true,"href":"https:\/\/www.rengoenlanoticia.cl\/prensa\/wp-json\/wp\/v2\/users\/1"}],"replies":[{"embeddable":true,"href":"https:\/\/www.rengoenlanoticia.cl\/prensa\/wp-json\/wp\/v2\/comments?post=1088"}],"version-history":[{"count":2,"href":"https:\/\/www.rengoenlanoticia.cl\/prensa\/wp-json\/wp\/v2\/posts\/1088\/revisions"}],"predecessor-version":[{"id":1091,"href":"https:\/\/www.rengoenlanoticia.cl\/prensa\/wp-json\/wp\/v2\/posts\/1088\/revisions\/1091"}],"wp:attachment":[{"href":"https:\/\/www.rengoenlanoticia.cl\/prensa\/wp-json\/wp\/v2\/media?parent=1088"}],"wp:term":[{"taxonomy":"category","embeddable":true,"href":"https:\/\/www.rengoenlanoticia.cl\/prensa\/wp-json\/wp\/v2\/categories?post=1088"},{"taxonomy":"post_tag","embeddable":true,"href":"https:\/\/www.rengoenlanoticia.cl\/prensa\/wp-json\/wp\/v2\/tags?post=1088"}],"curies":[{"name":"wp","href":"https:\/\/api.w.org\/{rel}","templated":true}]}}