{"id":1083,"date":"2025-01-20T15:13:00","date_gmt":"2025-01-20T15:13:00","guid":{"rendered":"https:\/\/www.rengoenlanoticia.cl\/prensa\/?p=1083"},"modified":"2025-01-20T15:13:02","modified_gmt":"2025-01-20T15:13:02","slug":"pdi-esclarece-robo-a-escuela-de-quinta-de-tilcoco-y-el-marco-del-mismo-caso-incauta-una-subametralladora-en-nunoa","status":"publish","type":"post","link":"https:\/\/www.rengoenlanoticia.cl\/prensa\/2025\/01\/20\/pdi-esclarece-robo-a-escuela-de-quinta-de-tilcoco-y-el-marco-del-mismo-caso-incauta-una-subametralladora-en-nunoa\/","title":{"rendered":"PDI ESCLARECE ROBO A ESCUELA DE QUINTA DE TILCOCO, Y EL MARCO DEL MISMO CASO, INCAUTA UNA SUBAMETRALLADORA EN \u00d1U\u00d1OA"},"content":{"rendered":"\n<p>Detectives de la Brigada de Investigaci\u00f3n Criminal (BICRIM) Rengo, tras la concurrencia al robo de un establecimiento educacional en la comuna de Quinta del Tilcoco, en coordinaci\u00f3n con la Fiscal\u00eda Regional de O\u2019Higgins, recuperaron parte de las especies sustra\u00eddas y detuvieron a una persona por receptaci\u00f3n y tenencia de arma de fuego prohibida, en un domicilio en la Regi\u00f3n Metropolitana. Se trato de un trabajo colaborativo con unidades policiales de ambas regiones, que incluy\u00f3 la participaci\u00f3n de la BICRIM Lo Barnechea y de la Brigada de Reacci\u00f3n T\u00e1ctica Metropolitana (BRTM), as\u00ed como con una labor conjunta con los fiscales de Flagrancia, Mar\u00eda Pilar Moya, y de la Fiscal\u00eda Local de Rengo, Fernanda Orpis Mesina.<\/p>\n\n\n\n<p>Tras la revisi\u00f3n de c\u00e1maras de seguridad e inspecci\u00f3n del sito del suceso, los efectivos policiales descubrieron que al menos cinco antisociales, provistos de diversas herramientas, ingresaron a la escuela b\u00e1sica que funciona en el lugar, sustrayendo aparatos tecnol\u00f3gicos, entre tel\u00e9fonos, tablet y televisores, con un aval\u00fao superior a los 17 millones de pesos.<\/p>\n\n\n\n<figure class=\"wp-block-image size-large\"><img decoding=\"async\" src=\"https:\/\/www.rengoenlanoticia.cl\/prensa\/wp-content\/uploads\/2025\/01\/WhatsApp-Image-2025-01-19-at-17.27.23-1024x1024.jpeg\" alt=\"\" class=\"wp-image-1085\"\/><\/figure>\n\n\n\n<p>Uno de estos implementos permiti\u00f3 localizar un inmueble en la comuna de \u00d1u\u00f1oa, en Santiago, donde \u2013tras la entrada y registro- se encontr\u00f3 parte de los art\u00edculos robados, y las herramientas para la comisi\u00f3n del delito. En la minuciosa revisi\u00f3n, los detectives tambi\u00e9n encontraron una subametralladora, apta para el disparo. De esta forma, el due\u00f1o de casa fue detenido y puesto a disposici\u00f3n de los tribunales.<\/p>\n","protected":false},"excerpt":{"rendered":"Detectives de la Brigada de Investigaci\u00f3n Criminal (BICRIM) Rengo, tras la concurrencia al robo de un establecimiento educacional&hellip;\n","protected":false},"author":1,"featured_media":0,"comment_status":"open","ping_status":"open","sticky":false,"template":"","format":"standard","meta":{"_monsterinsights_skip_tracking":false,"_monsterinsights_sitenote_active":false,"_monsterinsights_sitenote_note":"","_monsterinsights_sitenote_category":0,"footnotes":""},"categories":[5],"tags":[],"class_list":{"0":"post-1083","1":"post","2":"type-post","3":"status-publish","4":"format-standard","6":"category-policial"},"aioseo_notices":[],"_links":{"self":[{"href":"https:\/\/www.rengoenlanoticia.cl\/prensa\/wp-json\/wp\/v2\/posts\/1083","targetHints":{"allow":["GET"]}}],"collection":[{"href":"https:\/\/www.rengoenlanoticia.cl\/prensa\/wp-json\/wp\/v2\/posts"}],"about":[{"href":"https:\/\/www.rengoenlanoticia.cl\/prensa\/wp-json\/wp\/v2\/types\/post"}],"author":[{"embeddable":true,"href":"https:\/\/www.rengoenlanoticia.cl\/prensa\/wp-json\/wp\/v2\/users\/1"}],"replies":[{"embeddable":true,"href":"https:\/\/www.rengoenlanoticia.cl\/prensa\/wp-json\/wp\/v2\/comments?post=1083"}],"version-history":[{"count":2,"href":"https:\/\/www.rengoenlanoticia.cl\/prensa\/wp-json\/wp\/v2\/posts\/1083\/revisions"}],"predecessor-version":[{"id":1087,"href":"https:\/\/www.rengoenlanoticia.cl\/prensa\/wp-json\/wp\/v2\/posts\/1083\/revisions\/1087"}],"wp:attachment":[{"href":"https:\/\/www.rengoenlanoticia.cl\/prensa\/wp-json\/wp\/v2\/media?parent=1083"}],"wp:term":[{"taxonomy":"category","embeddable":true,"href":"https:\/\/www.rengoenlanoticia.cl\/prensa\/wp-json\/wp\/v2\/categories?post=1083"},{"taxonomy":"post_tag","embeddable":true,"href":"https:\/\/www.rengoenlanoticia.cl\/prensa\/wp-json\/wp\/v2\/tags?post=1083"}],"curies":[{"name":"wp","href":"https:\/\/api.w.org\/{rel}","templated":true}]}}