{"id":1070,"date":"2025-01-17T15:06:44","date_gmt":"2025-01-17T15:06:44","guid":{"rendered":"https:\/\/www.rengoenlanoticia.cl\/prensa\/?p=1070"},"modified":"2025-01-17T15:06:50","modified_gmt":"2025-01-17T15:06:50","slug":"ya-estan-disponibles-los-resultados-de-preseleccion-para-la-gratuidad-y-los-beneficios-estudiantiles-2025-en-educacion-superior","status":"publish","type":"post","link":"https:\/\/www.rengoenlanoticia.cl\/prensa\/2025\/01\/17\/ya-estan-disponibles-los-resultados-de-preseleccion-para-la-gratuidad-y-los-beneficios-estudiantiles-2025-en-educacion-superior\/","title":{"rendered":"Ya est\u00e1n disponibles los resultados de preselecci\u00f3n para la gratuidad y los beneficios estudiantiles 2025 en educaci\u00f3n superior"},"content":{"rendered":"\n<p><\/p>\n\n\n\n<p><em>M\u00e1s de 504 mil personas completaron el Formulario \u00danico de Acreditaci\u00f3n Socioecon\u00f3mica (FUAS) entre octubre y noviembre de 2024. De estas, 308 mil han sido preseleccionadas para estudiar con financiamiento estatal, lo que les permitir\u00e1 acceder a la gratuidad y los beneficios estudiantiles una vez matriculadas en una instituci\u00f3n de educaci\u00f3n superior.<\/em><\/p>\n\n\n\n<p>Este jueves se publicaron los resultados de preselecci\u00f3n para beneficios estudiantiles del a\u00f1o acad\u00e9mico 2025, dirigidos a las y los postulantes que completaron el Formulario \u00danico de Acreditaci\u00f3n Socioecon\u00f3mica (FUAS), as\u00ed como a potenciales renovantes y a quienes postularon a la Beca Vocaci\u00f3n de Profesor.<\/p>\n\n\n\n<p>De los m\u00e1s de 308 mil personas preseleccionadas, 252 mil ingresar\u00e1n por primera vez a una instituci\u00f3n de educaci\u00f3n superior, mientras que cerca de 55 mil son estudiantes que ya cursaban una carrera o se matricularon durante 2024.<\/p>\n\n\n\n<p>En cuanto a los estudiantes que renovaron sus beneficios, 751 mil podr\u00e1n mantener su gratuidad, beca y\/o Fondo Solidario para 2025. De estos, 646 mil cumplen las condiciones necesarias para continuar con la gratuidad.<\/p>\n\n\n\n<p><strong><u>Proceso de Evaluaci\u00f3n Socioecon\u00f3mica<\/u><\/strong><\/p>\n\n\n\n<p>Adicionalmente, cerca de 69 mil estudiantes deber\u00e1n realizar un proceso de Evaluaci\u00f3n Socioecon\u00f3mica en la instituci\u00f3n donde se matriculen. Este procedimiento es necesario cuando la informaci\u00f3n entregada a trav\u00e9s del FUAS requiere ser complementada.<\/p>\n\n\n\n<p>Es importante destacar que la preselecci\u00f3n es una etapa informativa. Para obtener el beneficio, las y los estudiantes deben matricularse en una instituci\u00f3n de educaci\u00f3n superior, y los resultados definitivos se comunicar\u00e1n el pr\u00f3ximo 11 de marzo.<\/p>\n\n\n\n<p><strong><u>Consultas y verificaci\u00f3n de resultados<\/u><\/strong><\/p>\n\n\n\n<p>En esta etapa, las y los estudiantes pueden verificar si cumplen con los requisitos acad\u00e9micos y socioecon\u00f3micos para acceder a gratuidad, becas y\/o cr\u00e9ditos. Para ello, deben ingresar al sitio web <a href=\"https:\/\/resultados.beneficiosestudiantiles.cl\/login\">https:\/\/resultados.beneficiosestudiantiles.cl\/login<\/a> , introducir su RUT y revisar los resultados.<\/p>\n\n\n\n<p><strong><u>\u00bfQu\u00e9 sigue?<\/u><\/strong><\/p>\n\n\n\n<p>El siguiente paso para las y los estudiantes que completaron el FUAS es concretar la matr\u00edcula en una instituci\u00f3n de educaci\u00f3n superior, seg\u00fan el beneficio para el que fueron preseleccionados:<\/p>\n\n\n\n<p>\u2022&nbsp;&nbsp;&nbsp;&nbsp;&nbsp; <strong>Gratuidad:<\/strong> Matricularse en una instituci\u00f3n adscrita a este beneficio.<\/p>\n\n\n\n<p>\u2022&nbsp;&nbsp;&nbsp;&nbsp;&nbsp; <strong>Becas:<\/strong> Matricularse en una instituci\u00f3n acreditada.<\/p>\n\n\n\n<p>\u2022&nbsp;&nbsp;&nbsp;&nbsp;&nbsp; <strong>Fondo Solidario:<\/strong> Inscribirse en una universidad del Consejo de Rectoras y Rectores que ofrezca este cr\u00e9dito.<\/p>\n\n\n\n<p>En cuanto al Cr\u00e9dito con Garant\u00eda Estatal (CAE), la informaci\u00f3n puede consultarse directamente en el sitio web de la Comisi\u00f3n Ingresa (www.ingresa.cl).<\/p>\n\n\n\n<p><strong><u>Segunda Convocatoria para el FUAS<\/u><\/strong><\/p>\n\n\n\n<p>Desde el 13 de febrero al 13 de marzo estar\u00e1 abierta una segunda convocatoria para quienes no completaron el FUAS en el primer periodo. Los interesados deben ingresar a www.fuas.cl y completar el formulario correspondiente.<\/p>\n","protected":false},"excerpt":{"rendered":"M\u00e1s de 504 mil personas completaron el Formulario \u00danico de Acreditaci\u00f3n Socioecon\u00f3mica (FUAS) entre octubre y noviembre de&hellip;\n","protected":false},"author":1,"featured_media":0,"comment_status":"open","ping_status":"open","sticky":false,"template":"","format":"standard","meta":{"_monsterinsights_skip_tracking":false,"_monsterinsights_sitenote_active":false,"_monsterinsights_sitenote_note":"","_monsterinsights_sitenote_category":0,"footnotes":""},"categories":[8],"tags":[],"class_list":{"0":"post-1070","1":"post","2":"type-post","3":"status-publish","4":"format-standard","6":"category-portada"},"aioseo_notices":[],"_links":{"self":[{"href":"https:\/\/www.rengoenlanoticia.cl\/prensa\/wp-json\/wp\/v2\/posts\/1070","targetHints":{"allow":["GET"]}}],"collection":[{"href":"https:\/\/www.rengoenlanoticia.cl\/prensa\/wp-json\/wp\/v2\/posts"}],"about":[{"href":"https:\/\/www.rengoenlanoticia.cl\/prensa\/wp-json\/wp\/v2\/types\/post"}],"author":[{"embeddable":true,"href":"https:\/\/www.rengoenlanoticia.cl\/prensa\/wp-json\/wp\/v2\/users\/1"}],"replies":[{"embeddable":true,"href":"https:\/\/www.rengoenlanoticia.cl\/prensa\/wp-json\/wp\/v2\/comments?post=1070"}],"version-history":[{"count":2,"href":"https:\/\/www.rengoenlanoticia.cl\/prensa\/wp-json\/wp\/v2\/posts\/1070\/revisions"}],"predecessor-version":[{"id":1073,"href":"https:\/\/www.rengoenlanoticia.cl\/prensa\/wp-json\/wp\/v2\/posts\/1070\/revisions\/1073"}],"wp:attachment":[{"href":"https:\/\/www.rengoenlanoticia.cl\/prensa\/wp-json\/wp\/v2\/media?parent=1070"}],"wp:term":[{"taxonomy":"category","embeddable":true,"href":"https:\/\/www.rengoenlanoticia.cl\/prensa\/wp-json\/wp\/v2\/categories?post=1070"},{"taxonomy":"post_tag","embeddable":true,"href":"https:\/\/www.rengoenlanoticia.cl\/prensa\/wp-json\/wp\/v2\/tags?post=1070"}],"curies":[{"name":"wp","href":"https:\/\/api.w.org\/{rel}","templated":true}]}}