{"id":1066,"date":"2025-01-17T15:02:47","date_gmt":"2025-01-17T15:02:47","guid":{"rendered":"https:\/\/www.rengoenlanoticia.cl\/prensa\/?p=1066"},"modified":"2025-01-17T15:02:50","modified_gmt":"2025-01-17T15:02:50","slug":"plan-verano-2025carabineros-incrementa-fiscalizaciones-vehiculares-por-cambio-de-veraneantes","status":"publish","type":"post","link":"https:\/\/www.rengoenlanoticia.cl\/prensa\/2025\/01\/17\/plan-verano-2025carabineros-incrementa-fiscalizaciones-vehiculares-por-cambio-de-veraneantes\/","title":{"rendered":"Plan Verano 2025:Carabineros incrementa fiscalizaciones vehiculares por cambio de veraneantes"},"content":{"rendered":"\n<p><\/p>\n\n\n\n<p>Al mismo tiempo entrega recomendaciones de autocuidado a conductores y turistas para evitar situaciones de emergencia.<\/p>\n\n\n\n<p>Como parte del Plan Verano 2025 y debido al cambio de veraneantes que se produce durante los fines de semana en la \u00e9poca estival, Carabineros de la Zona O\u2019Higgins intensificar\u00e1 los controles vehiculares en la Ruta 5-Sur y principales rutas hacia el sector costero y cordillerano de la Regi\u00f3n, para evitar se produzcan accidentes de tr\u00e1nsito.<br>Desde el pasado 27 de diciembre de 2024, Carabineros ha reforzado con medios log\u00edsticos y recurso humano el contingente en las comunas m\u00e1s concurridas de la Regi\u00f3n, para brindar mayor seguridad y tranquilidad a quienes se trasladan a estos sectores para disfrutar de sus vacaciones.<br>En las comunas de Pichilemu, Las Cabras, Navidad y Paredones, as\u00ed como en el \u00e1rea cordillerana se ha incrementado la presencia policial con contingente de la Escuela de Suboficiales de Carabineros, quienes est\u00e1n apoyando los servicios preventivos de fiscalizaci\u00f3n y control en el interior de las comunas, as\u00ed como en las rutas de acceso a ellas, realizando controles vehiculares y tomando test respiratorios a los conductores.<br>Carabineros junto con reforzar su presencia activa y preventiva, llama a la comunidad a mantener una actitud de autocuidado, respetando las normas de tr\u00e1nsito y a conducir atento a las condiciones de las rutas.<br>Desde la instituci\u00f3n policial tambi\u00e9n realizaron un llamado a mantener precauciones frente a las altas temperaturas que se registran en la Regi\u00f3n, tales como: hidratarse continuamente y utilizar bloqueador; a ser responsables y cuidadosos en actividades recreativas para evitar accidentes; y, a no hacer fuego para prevenir se produzcan incendios forestales.<br>En ese sentido, Carabineros se\u00f1al\u00f3 que existe un esfuerzo y trabajo multisectorial, junto a la Delegaci\u00f3n Presidencial, Subsecretaria Prevenci\u00f3n del Delito, Conaf, Bomberos y municipios, para evitar situaciones de riesgo, pero es esencial y fundamental que la comunidad colabore manteniendo una conducta preventiva para que no se registren emergencias.<\/p>\n\n\n\n<p>RECOMENDACIONES AL VIAJAR<br>Desde Carabineros llaman a los conductores a planificar y disfrutar el viaje que est\u00e1 realizando junto a sus seres queridos. Para ello, entregan algunas recomendaciones: verificar el estado del veh\u00edculo, respetar siempre las normas de tr\u00e1nsito y la velocidad permitida. Carabineros record\u00f3 adem\u00e1s a la comunidad que la conducci\u00f3n bajo los efectos o influencia del alcohol y\/o drogas es un delito.<br>Por otra parte, enfatiz\u00f3 en la relevancia del uso del cintur\u00f3n de seguridad y de las sillas de retenci\u00f3n infantil; y a no utilizar el celular durante la conducci\u00f3n, pues es una distracci\u00f3n que puede ocasionar un accidente.<\/p>\n","protected":false},"excerpt":{"rendered":"Al mismo tiempo entrega recomendaciones de autocuidado a conductores y turistas para evitar situaciones de emergencia. Como parte&hellip;\n","protected":false},"author":1,"featured_media":0,"comment_status":"open","ping_status":"open","sticky":false,"template":"","format":"standard","meta":{"_monsterinsights_skip_tracking":false,"_monsterinsights_sitenote_active":false,"_monsterinsights_sitenote_note":"","_monsterinsights_sitenote_category":0,"footnotes":""},"categories":[5],"tags":[],"class_list":{"0":"post-1066","1":"post","2":"type-post","3":"status-publish","4":"format-standard","6":"category-policial"},"aioseo_notices":[],"_links":{"self":[{"href":"https:\/\/www.rengoenlanoticia.cl\/prensa\/wp-json\/wp\/v2\/posts\/1066","targetHints":{"allow":["GET"]}}],"collection":[{"href":"https:\/\/www.rengoenlanoticia.cl\/prensa\/wp-json\/wp\/v2\/posts"}],"about":[{"href":"https:\/\/www.rengoenlanoticia.cl\/prensa\/wp-json\/wp\/v2\/types\/post"}],"author":[{"embeddable":true,"href":"https:\/\/www.rengoenlanoticia.cl\/prensa\/wp-json\/wp\/v2\/users\/1"}],"replies":[{"embeddable":true,"href":"https:\/\/www.rengoenlanoticia.cl\/prensa\/wp-json\/wp\/v2\/comments?post=1066"}],"version-history":[{"count":2,"href":"https:\/\/www.rengoenlanoticia.cl\/prensa\/wp-json\/wp\/v2\/posts\/1066\/revisions"}],"predecessor-version":[{"id":1069,"href":"https:\/\/www.rengoenlanoticia.cl\/prensa\/wp-json\/wp\/v2\/posts\/1066\/revisions\/1069"}],"wp:attachment":[{"href":"https:\/\/www.rengoenlanoticia.cl\/prensa\/wp-json\/wp\/v2\/media?parent=1066"}],"wp:term":[{"taxonomy":"category","embeddable":true,"href":"https:\/\/www.rengoenlanoticia.cl\/prensa\/wp-json\/wp\/v2\/categories?post=1066"},{"taxonomy":"post_tag","embeddable":true,"href":"https:\/\/www.rengoenlanoticia.cl\/prensa\/wp-json\/wp\/v2\/tags?post=1066"}],"curies":[{"name":"wp","href":"https:\/\/api.w.org\/{rel}","templated":true}]}}