{"id":1061,"date":"2025-01-17T13:16:14","date_gmt":"2025-01-17T13:16:14","guid":{"rendered":"https:\/\/www.rengoenlanoticia.cl\/prensa\/?p=1061"},"modified":"2025-01-17T13:16:16","modified_gmt":"2025-01-17T13:16:16","slug":"senador-juan-luis-castro-sobre-licencias-medicas-hoy-pagamos-justos-por-pecadores","status":"publish","type":"post","link":"https:\/\/www.rengoenlanoticia.cl\/prensa\/2025\/01\/17\/senador-juan-luis-castro-sobre-licencias-medicas-hoy-pagamos-justos-por-pecadores\/","title":{"rendered":"Senador Juan Luis Castro sobre licencias m\u00e9dicas: \u00abHoy pagamos justos por pecadores\u201d"},"content":{"rendered":"\n<p><em>El tambi\u00e9n m\u00e9dico, destac\u00f3 que es hora de actuar con responsabilidad para proteger tanto a los verdaderos enfermos como la estabilidad del sistema.<\/em><\/p>\n\n\n\n<p>En el marco del seminario \u00abPanel Licencias M\u00e9dicas: Desaf\u00edos y Propuestas\u00bb, realizado en el ex Congreso Nacional, el senador Juan Luis Castro, integrante de la Comisi\u00f3n de Salud del Senado y expresidente del Colegio M\u00e9dico de Chile, enfatiz\u00f3 la urgente necesidad de reformar el sistema de licencias m\u00e9dicas en el pa\u00eds. En sus declaraciones, el parlamentario destac\u00f3 que este mecanismo, concebido como un derecho de seguridad social, ha sido objeto de abusos que amenazan su sustentabilidad y han deslegitimado su prop\u00f3sito original.<\/p>\n\n\n\n<figure class=\"wp-block-image size-large\"><img decoding=\"async\" src=\"https:\/\/www.rengoenlanoticia.cl\/prensa\/wp-content\/uploads\/2025\/01\/Imagen-de-WhatsApp-2025-01-16-a-las-13.09.57_284b4c84-1024x768.jpg\" alt=\"\" class=\"wp-image-1063\"\/><\/figure>\n\n\n\n<p>Durante su intervenci\u00f3n, el senador Castro subray\u00f3 que un peque\u00f1o porcentaje de casos, correspondientes a licencias m\u00e9dicas fraudulentas, ha puesto en jaque al sistema. \u00abHoy, casi el 6% de la cotizaci\u00f3n obligatoria se destina exclusivamente al pago de licencias m\u00e9dicas, una cifra insostenible si no se implementan reformas estructurales\u00bb, advirti\u00f3.<\/p>\n\n\n\n<p>&nbsp;Asimismo, el parlamentario critic\u00f3 la falta de control en la emisi\u00f3n de licencias, particularmente en patolog\u00edas como problemas de salud mental y enfermedades musculoesquel\u00e9ticas, que representan los focos principales de irregularidad.<\/p>\n\n\n\n<p>El senador tambi\u00e9n destac\u00f3 las desigualdades en el acceso y pago de las licencias m\u00e9dicas, evidenciando una dualidad que perjudica especialmente a trabajadores del sector privado e independientes. \u00abEs inaceptable que los trabajadores p\u00fablicos reciban el 100% del pago desde el primer d\u00eda, mientras que los privados enfrentan una discriminaci\u00f3n injustificada al ser remunerados desde el cuarto d\u00eda de reposo\u00bb, se\u00f1al\u00f3. Seg\u00fan Castro, estas brechas deben corregirse con urgencia para garantizar un trato equitativo y justo.<\/p>\n\n\n\n<p>Finalmente, el senador Juan Luis Castro hizo un llamado a establecer protocolos claros y objetivos que regulen la duraci\u00f3n y reiteraci\u00f3n de licencias m\u00e9dicas, as\u00ed como criterios rigurosos para su emisi\u00f3n. \u00abNo podemos permitir que un derecho social como este sea vulnerado por el abuso y la falta de fiscalizaci\u00f3n. Es hora de actuar con responsabilidad para proteger tanto a los verdaderos enfermos como la estabilidad del sistema\u00bb, concluy\u00f3.<\/p>\n","protected":false},"excerpt":{"rendered":"El tambi\u00e9n m\u00e9dico, destac\u00f3 que es hora de actuar con responsabilidad para proteger tanto a los verdaderos enfermos&hellip;\n","protected":false},"author":1,"featured_media":0,"comment_status":"open","ping_status":"open","sticky":false,"template":"","format":"standard","meta":{"_monsterinsights_skip_tracking":false,"_monsterinsights_sitenote_active":false,"_monsterinsights_sitenote_note":"","_monsterinsights_sitenote_category":0,"footnotes":""},"categories":[11],"tags":[],"class_list":{"0":"post-1061","1":"post","2":"type-post","3":"status-publish","4":"format-standard","6":"category-politica"},"aioseo_notices":[],"_links":{"self":[{"href":"https:\/\/www.rengoenlanoticia.cl\/prensa\/wp-json\/wp\/v2\/posts\/1061","targetHints":{"allow":["GET"]}}],"collection":[{"href":"https:\/\/www.rengoenlanoticia.cl\/prensa\/wp-json\/wp\/v2\/posts"}],"about":[{"href":"https:\/\/www.rengoenlanoticia.cl\/prensa\/wp-json\/wp\/v2\/types\/post"}],"author":[{"embeddable":true,"href":"https:\/\/www.rengoenlanoticia.cl\/prensa\/wp-json\/wp\/v2\/users\/1"}],"replies":[{"embeddable":true,"href":"https:\/\/www.rengoenlanoticia.cl\/prensa\/wp-json\/wp\/v2\/comments?post=1061"}],"version-history":[{"count":2,"href":"https:\/\/www.rengoenlanoticia.cl\/prensa\/wp-json\/wp\/v2\/posts\/1061\/revisions"}],"predecessor-version":[{"id":1065,"href":"https:\/\/www.rengoenlanoticia.cl\/prensa\/wp-json\/wp\/v2\/posts\/1061\/revisions\/1065"}],"wp:attachment":[{"href":"https:\/\/www.rengoenlanoticia.cl\/prensa\/wp-json\/wp\/v2\/media?parent=1061"}],"wp:term":[{"taxonomy":"category","embeddable":true,"href":"https:\/\/www.rengoenlanoticia.cl\/prensa\/wp-json\/wp\/v2\/categories?post=1061"},{"taxonomy":"post_tag","embeddable":true,"href":"https:\/\/www.rengoenlanoticia.cl\/prensa\/wp-json\/wp\/v2\/tags?post=1061"}],"curies":[{"name":"wp","href":"https:\/\/api.w.org\/{rel}","templated":true}]}}