{"id":1055,"date":"2025-01-16T19:29:56","date_gmt":"2025-01-16T19:29:56","guid":{"rendered":"https:\/\/www.rengoenlanoticia.cl\/prensa\/?p=1055"},"modified":"2025-01-16T19:29:57","modified_gmt":"2025-01-16T19:29:57","slug":"carabineros-detiene-a-profugo-de-la-justicia-que-circulaba-en-un-auto-robado","status":"publish","type":"post","link":"https:\/\/www.rengoenlanoticia.cl\/prensa\/2025\/01\/16\/carabineros-detiene-a-profugo-de-la-justicia-que-circulaba-en-un-auto-robado\/","title":{"rendered":"Carabineros detiene a pr\u00f3fugo de la justicia que circulaba en un auto robado"},"content":{"rendered":"\n<p>El individuo manten\u00eda una orden vigente por lesiones menos graves. Adem\u00e1s, los efectivos policiales establecieron que el veh\u00edculo hab\u00eda sido sustra\u00eddo en un robo con intimidaci\u00f3n.<\/p>\n\n\n\n<p>En la intersecci\u00f3n de las avenidas Rep\u00fablica de Chile con La Cruz, de la capital regional de la Regi\u00f3n de O\u2019Higgins, Carabineros de la Secci\u00f3n de Encargo y B\u00fasqueda de Personas y Veh\u00edculos, SEBV Rancagua, logr\u00f3 la detenci\u00f3n de una persona que estaba pr\u00f3fuga de la justicia y que adem\u00e1s circulaba en un veh\u00edculo con encargo vigente por el delito de robo con intimidaci\u00f3n hecho ocurrido en la comuna de San Bernardo en el a\u00f1o 2023.<br>Seg\u00fan inform\u00f3 Carabineros, mientras se realizaban diligencias investigativas en las inmediaciones de estas avenidas, los especialistas del SEBV controlaron a un veh\u00edculo Station Wagon, marca Subaru, modelo XV, color azul, que estaba circulando por el sector, con patentes de fabricaci\u00f3n artesanal.<\/p>\n\n\n\n<figure class=\"wp-block-image size-full\"><img decoding=\"async\" src=\"https:\/\/www.rengoenlanoticia.cl\/prensa\/wp-content\/uploads\/2025\/01\/WhatsApp-Image-2025-01-16-at-11.39.25.jpeg\" alt=\"\" class=\"wp-image-1057\"\/><\/figure>\n\n\n\n<p><br>Durante el procedimiento, los efectivos policiales establecieron que el autom\u00f3vil manten\u00eda un encargo vigente desde el pasado 23 de noviembre de 2023, cuando fue robado mediante la intimidaci\u00f3n en la comuna de San Bernardo por lo que se procedi\u00f3 a la detenci\u00f3n del conductor identificado como F.A.B.H., chileno, 37 a\u00f1os, y quien adem\u00e1s registra una orden de detenci\u00f3n vigente por el delito de lesiones menos graves del Juzgado de Garant\u00eda de Rengo, desde octubre de 2023. Durante 450 d\u00edas se mantuvo pr\u00f3fugo de la justicia esta persona que tambi\u00e9n registra 7 reiteraciones y 3 antecedentes penales.<br>El Ministerio P\u00fablico instruy\u00f3 que pasara a control de detenci\u00f3n durante esta jornada por los delitos de orden vigente y receptaci\u00f3n de veh\u00edculo.<\/p>\n","protected":false},"excerpt":{"rendered":"El individuo manten\u00eda una orden vigente por lesiones menos graves. Adem\u00e1s, los efectivos policiales establecieron que el veh\u00edculo&hellip;\n","protected":false},"author":1,"featured_media":0,"comment_status":"open","ping_status":"open","sticky":false,"template":"","format":"standard","meta":{"_monsterinsights_skip_tracking":false,"_monsterinsights_sitenote_active":false,"_monsterinsights_sitenote_note":"","_monsterinsights_sitenote_category":0,"footnotes":""},"categories":[5],"tags":[],"class_list":{"0":"post-1055","1":"post","2":"type-post","3":"status-publish","4":"format-standard","6":"category-policial"},"aioseo_notices":[],"_links":{"self":[{"href":"https:\/\/www.rengoenlanoticia.cl\/prensa\/wp-json\/wp\/v2\/posts\/1055","targetHints":{"allow":["GET"]}}],"collection":[{"href":"https:\/\/www.rengoenlanoticia.cl\/prensa\/wp-json\/wp\/v2\/posts"}],"about":[{"href":"https:\/\/www.rengoenlanoticia.cl\/prensa\/wp-json\/wp\/v2\/types\/post"}],"author":[{"embeddable":true,"href":"https:\/\/www.rengoenlanoticia.cl\/prensa\/wp-json\/wp\/v2\/users\/1"}],"replies":[{"embeddable":true,"href":"https:\/\/www.rengoenlanoticia.cl\/prensa\/wp-json\/wp\/v2\/comments?post=1055"}],"version-history":[{"count":2,"href":"https:\/\/www.rengoenlanoticia.cl\/prensa\/wp-json\/wp\/v2\/posts\/1055\/revisions"}],"predecessor-version":[{"id":1059,"href":"https:\/\/www.rengoenlanoticia.cl\/prensa\/wp-json\/wp\/v2\/posts\/1055\/revisions\/1059"}],"wp:attachment":[{"href":"https:\/\/www.rengoenlanoticia.cl\/prensa\/wp-json\/wp\/v2\/media?parent=1055"}],"wp:term":[{"taxonomy":"category","embeddable":true,"href":"https:\/\/www.rengoenlanoticia.cl\/prensa\/wp-json\/wp\/v2\/categories?post=1055"},{"taxonomy":"post_tag","embeddable":true,"href":"https:\/\/www.rengoenlanoticia.cl\/prensa\/wp-json\/wp\/v2\/tags?post=1055"}],"curies":[{"name":"wp","href":"https:\/\/api.w.org\/{rel}","templated":true}]}}