{"id":1051,"date":"2025-01-16T19:25:00","date_gmt":"2025-01-16T19:25:00","guid":{"rendered":"https:\/\/www.rengoenlanoticia.cl\/prensa\/?p=1051"},"modified":"2025-01-16T19:25:03","modified_gmt":"2025-01-16T19:25:03","slug":"duras-criticas-al-sename-tras-muerte-de-joven-bajo-su-tutela","status":"publish","type":"post","link":"https:\/\/www.rengoenlanoticia.cl\/prensa\/2025\/01\/16\/duras-criticas-al-sename-tras-muerte-de-joven-bajo-su-tutela\/","title":{"rendered":"Duras cr\u00edticas al Sename tras muerte de joven bajo su tutela"},"content":{"rendered":"\n<p><em>Investigadora del Observatorio Social de la Universidad del Alba critica inacci\u00f3n institucional y silencio de la Defensor\u00eda de la Ni\u00f1ez tras la muerte de joven\u00a0en centro de internaci\u00f3n del Sename.<\/em><\/p>\n\n\n\n<p> La tr\u00e1gica muerte de un adolescente de 17 a\u00f1os bajo tutela del Servicio Nacional de Menores, Sename, ha vuelto a poner en tela de juicio las condiciones dentro de los recintos de esta instituci\u00f3n y la efectividad de las entidades encargadas de proteger los derechos de la ni\u00f1ez en el pa\u00eds. El joven falleci\u00f3 en la madrugada del pasado viernes tras un intento de suicidio en el Centro de Internaci\u00f3n Provisoria de San Joaqu\u00edn.<\/p>\n\n\n\n<p>Rosario Mart\u00ednez, exdirectora del Sename y actual investigadora del Observatorio Social de la Universidad del Alba, alz\u00f3 la voz con duras cr\u00edticas hacia las instituciones responsables. \u201cUna vez m\u00e1s observamos muertes bajo la tutela del Estado, y a una semana de los hechos a\u00fan se desconocen las circunstancias de la muerte del menor. No hemos escuchado ni observado acci\u00f3n alguna por parte del Defensor de la Ni\u00f1ez\u201d, declar\u00f3 Mart\u00ednez.<\/p>\n\n\n\n<p>La soci\u00f3loga cuestion\u00f3 el rol de la Defensor\u00eda de la Ni\u00f1ez, se\u00f1alando que parece actuar desde una \u201clealtad pol\u00edtica al gobierno\u201d en lugar de priorizar la defensa y protecci\u00f3n de los derechos de ni\u00f1os, ni\u00f1as y adolescentes. \u201cTenemos una Defensor\u00eda que no est\u00e1 ejerciendo sus facultades para exigir el cumplimiento de la Ley de Garant\u00edas, develando una instituci\u00f3n disminuida pese a la robustez legal e institucional que se ha trabajado en Chile para proteger a los ni\u00f1os, ni\u00f1as y adolescentes de nuestro pa\u00eds\u201d, a\u00f1adi\u00f3.<\/p>\n\n\n\n<p>El caso ha generado un profundo impacto en la opini\u00f3n p\u00fablica y ha puesto en entredicho la capacidad del sistema para prevenir tragedias como \u00e9sta, especialmente en un contexto donde el pa\u00eds est\u00e1 en proceso de transici\u00f3n hacia el Servicio Nacional de Reinserci\u00f3n Social Juvenil.<\/p>\n\n\n\n<p>Mart\u00ednez inst\u00f3 a que las autoridades no solo investiguen con celeridad las circunstancias del deceso, sino que tambi\u00e9n garanticen medidas concretas para prevenir futuros hechos similares. \u201cEs inaceptable que sigamos enfrentando muertes de j\u00f3venes en recintos que, en teor\u00eda, deber\u00edan ser espacios seguros y de reinserci\u00f3n. Es urgente un cambio de paradigma para priorizar el bienestar integral de los adolescentes bajo tutela estatal\u201d,&nbsp;concluy\u00f3.<\/p>\n","protected":false},"excerpt":{"rendered":"Investigadora del Observatorio Social de la Universidad del Alba critica inacci\u00f3n institucional y silencio de la Defensor\u00eda de&hellip;\n","protected":false},"author":1,"featured_media":0,"comment_status":"open","ping_status":"open","sticky":false,"template":"","format":"standard","meta":{"_monsterinsights_skip_tracking":false,"_monsterinsights_sitenote_active":false,"_monsterinsights_sitenote_note":"","_monsterinsights_sitenote_category":0,"footnotes":""},"categories":[11],"tags":[],"class_list":{"0":"post-1051","1":"post","2":"type-post","3":"status-publish","4":"format-standard","6":"category-politica"},"aioseo_notices":[],"_links":{"self":[{"href":"https:\/\/www.rengoenlanoticia.cl\/prensa\/wp-json\/wp\/v2\/posts\/1051","targetHints":{"allow":["GET"]}}],"collection":[{"href":"https:\/\/www.rengoenlanoticia.cl\/prensa\/wp-json\/wp\/v2\/posts"}],"about":[{"href":"https:\/\/www.rengoenlanoticia.cl\/prensa\/wp-json\/wp\/v2\/types\/post"}],"author":[{"embeddable":true,"href":"https:\/\/www.rengoenlanoticia.cl\/prensa\/wp-json\/wp\/v2\/users\/1"}],"replies":[{"embeddable":true,"href":"https:\/\/www.rengoenlanoticia.cl\/prensa\/wp-json\/wp\/v2\/comments?post=1051"}],"version-history":[{"count":2,"href":"https:\/\/www.rengoenlanoticia.cl\/prensa\/wp-json\/wp\/v2\/posts\/1051\/revisions"}],"predecessor-version":[{"id":1054,"href":"https:\/\/www.rengoenlanoticia.cl\/prensa\/wp-json\/wp\/v2\/posts\/1051\/revisions\/1054"}],"wp:attachment":[{"href":"https:\/\/www.rengoenlanoticia.cl\/prensa\/wp-json\/wp\/v2\/media?parent=1051"}],"wp:term":[{"taxonomy":"category","embeddable":true,"href":"https:\/\/www.rengoenlanoticia.cl\/prensa\/wp-json\/wp\/v2\/categories?post=1051"},{"taxonomy":"post_tag","embeddable":true,"href":"https:\/\/www.rengoenlanoticia.cl\/prensa\/wp-json\/wp\/v2\/tags?post=1051"}],"curies":[{"name":"wp","href":"https:\/\/api.w.org\/{rel}","templated":true}]}}