{"id":1045,"date":"2025-01-16T19:18:51","date_gmt":"2025-01-16T19:18:51","guid":{"rendered":"https:\/\/www.rengoenlanoticia.cl\/prensa\/?p=1045"},"modified":"2025-01-16T19:18:53","modified_gmt":"2025-01-16T19:18:53","slug":"minvu-ohiggins-y-municipalidad-de-olivar-firman-convenio-que-inicia-segunda-etapa-del-programa-quiero-mi-barrio-en-gultro-oriente","status":"publish","type":"post","link":"https:\/\/www.rengoenlanoticia.cl\/prensa\/2025\/01\/16\/minvu-ohiggins-y-municipalidad-de-olivar-firman-convenio-que-inicia-segunda-etapa-del-programa-quiero-mi-barrio-en-gultro-oriente\/","title":{"rendered":"Minvu O\u2019Higgins y Municipalidad de Olivar firman convenio que inicia segunda etapa del Programa Quiero mi Barrio en Gultro Oriente"},"content":{"rendered":"\n<p><\/p>\n\n\n\n<p><em>&#8211; El programa ya ha intervenido 33 barrios en O\u2019Higgins, consolid\u00e1ndose como un motor de cambio para el desarrollo social y urbano en la regi\u00f3n.<\/em><\/p>\n\n\n\n<p>El mi\u00e9rcoles 15 de enero, el Ministerio de Vivienda y Urbanismo de la Regi\u00f3n de O\u2019Higgins (Minvu O\u2019Higgins) y la Municipalidad de Olivar dieron un nuevo paso en el desarrollo del Barrio Gultro Oriente con la firma del contrato del&nbsp;<strong>Programa Quiero Mi Barrio<\/strong>. Este acuerdo, suscrito por el seremi Luis Barboza, la alcaldesa Mar\u00eda Estrella Montero y la presidenta del Consejo Vecinal de Desarrollo (CVD), Ivonne Vicencio, pone en marcha importantes proyectos urbanos y sociales para la comunidad.<\/p>\n\n\n\n<p>La firma de este convenio culmina la primera etapa del programa, durante la cual se realizaron talleres participativos con vecinas, vecinos y organizaciones para definir las prioridades del barrio. En esta nueva fase, se ejecutar\u00e1n proyectos que contemplan la renovaci\u00f3n de calles, espacios p\u00fablicos y \u00e1reas verdes, adapt\u00e1ndolos a las necesidades de una poblaci\u00f3n diversa, con un enfoque especial en la inclusi\u00f3n y accesibilidad.<\/p>\n\n\n\n<p>\u201cEl Ministerio de Vivienda y Urbanismo no solo se enfoca en entregar viviendas, sino tambi\u00e9n en transformar los barrios en espacios dignos, sostenibles y adaptados a las necesidades de sus habitantes. Este convenio, fruto del trabajo conjunto entre el Minvu, el municipio de Olivar y la comunidad de Gultro Oriente, permitir\u00e1 mejoras concretas en la calidad de vida de sus vecinos, a trav\u00e9s de calles m\u00e1s seguras, \u00e1reas verdes accesibles y un entorno inclusivo. Lo m\u00e1s relevante de este programa, y una mec\u00e1nica que buscamos replicar en otras iniciativas del ministerio, es que todo se construye desde las necesidades y sue\u00f1os de quienes habitan y dan vida al territorio\u201d, destac\u00f3 el seremi Luis Barboza.<\/p>\n\n\n\n<p>Por su parte, la alcaldesa Mar\u00eda Estrella Montero expres\u00f3: \u201cEste acuerdo no solo simboliza un compromiso con el desarrollo de nuestra comunidad, sino tambi\u00e9n con el bienestar de nuestras vecinas y vecinos. Junto al Minvu, trabajaremos para transformar este sector en un espacio m\u00e1s inclusivo, accesible y lleno de oportunidades. Agradezco la presencia del Seremi Luis Barboza, del equipo de la Seremi del Minvu, de la dupla barrial y de los profesionales municipales que hoy han querido estar presentes en este hito para el desarrollo del programa ac\u00e1 en Gultro y en Olivar. Estoy segura de que, con el apoyo de todos, lograremos hacer de Gultro un barrio modelo en nuestra comuna.\u201d<\/p>\n\n\n\n<p>Ivonne Vicencio agradeci\u00f3 el apoyo entregado por ambas instituciones y agradeci\u00f3 el compromiso de sus vecinas y vecinos, fundamental para seguir avanzando en el mejoramiento del barrio.<\/p>\n\n\n\n<p>El Programa Quiero Mi Barrio, activo desde 2006, ha intervenido 33 barrios en 11 comunas de la regi\u00f3n de O\u2019Higgins, beneficiando a m\u00e1s de 73 mil personas. En Gultro Oriente, donde viven aproximadamente 212 familias, el programa se enfocar\u00e1 en superar problemas hist\u00f3ricos de deterioro urbano, insuficiencia de equipamiento y exclusi\u00f3n social, convirtiendo al barrio en un referente de desarrollo comunitario.<\/p>\n","protected":false},"excerpt":{"rendered":"&#8211; El programa ya ha intervenido 33 barrios en O\u2019Higgins, consolid\u00e1ndose como un motor de cambio para el&hellip;\n","protected":false},"author":1,"featured_media":0,"comment_status":"open","ping_status":"open","sticky":false,"template":"","format":"standard","meta":{"_monsterinsights_skip_tracking":false,"_monsterinsights_sitenote_active":false,"_monsterinsights_sitenote_note":"","_monsterinsights_sitenote_category":0,"footnotes":""},"categories":[8],"tags":[],"class_list":{"0":"post-1045","1":"post","2":"type-post","3":"status-publish","4":"format-standard","6":"category-portada"},"aioseo_notices":[],"_links":{"self":[{"href":"https:\/\/www.rengoenlanoticia.cl\/prensa\/wp-json\/wp\/v2\/posts\/1045","targetHints":{"allow":["GET"]}}],"collection":[{"href":"https:\/\/www.rengoenlanoticia.cl\/prensa\/wp-json\/wp\/v2\/posts"}],"about":[{"href":"https:\/\/www.rengoenlanoticia.cl\/prensa\/wp-json\/wp\/v2\/types\/post"}],"author":[{"embeddable":true,"href":"https:\/\/www.rengoenlanoticia.cl\/prensa\/wp-json\/wp\/v2\/users\/1"}],"replies":[{"embeddable":true,"href":"https:\/\/www.rengoenlanoticia.cl\/prensa\/wp-json\/wp\/v2\/comments?post=1045"}],"version-history":[{"count":2,"href":"https:\/\/www.rengoenlanoticia.cl\/prensa\/wp-json\/wp\/v2\/posts\/1045\/revisions"}],"predecessor-version":[{"id":1048,"href":"https:\/\/www.rengoenlanoticia.cl\/prensa\/wp-json\/wp\/v2\/posts\/1045\/revisions\/1048"}],"wp:attachment":[{"href":"https:\/\/www.rengoenlanoticia.cl\/prensa\/wp-json\/wp\/v2\/media?parent=1045"}],"wp:term":[{"taxonomy":"category","embeddable":true,"href":"https:\/\/www.rengoenlanoticia.cl\/prensa\/wp-json\/wp\/v2\/categories?post=1045"},{"taxonomy":"post_tag","embeddable":true,"href":"https:\/\/www.rengoenlanoticia.cl\/prensa\/wp-json\/wp\/v2\/tags?post=1045"}],"curies":[{"name":"wp","href":"https:\/\/api.w.org\/{rel}","templated":true}]}}