{"id":1035,"date":"2025-01-16T12:24:34","date_gmt":"2025-01-16T12:24:34","guid":{"rendered":"https:\/\/www.rengoenlanoticia.cl\/prensa\/?p=1035"},"modified":"2025-01-16T12:24:36","modified_gmt":"2025-01-16T12:24:36","slug":"senador-juan-luis-castro-por-recorte-presupuestario-en-salud-y-seguridad-demuestra-el-incumplimiento-de-un-compromiso-formal","status":"publish","type":"post","link":"https:\/\/www.rengoenlanoticia.cl\/prensa\/2025\/01\/16\/senador-juan-luis-castro-por-recorte-presupuestario-en-salud-y-seguridad-demuestra-el-incumplimiento-de-un-compromiso-formal\/","title":{"rendered":"Senador Juan Luis Castro por recorte presupuestario en salud y seguridad: \u201cDemuestra el incumplimiento de un compromiso formal\u00bb"},"content":{"rendered":"\n<p><\/p>\n\n\n\n<p><em>El parlamentario asegura que la reducci\u00f3n compromete \u00e1reas esenciales protegidas<\/em><em>&nbsp;por un protocolo de acuerdo entre el Ejecutivo, a trav\u00e9s de Hacienda, y el Congreso Nacional.&nbsp;<\/em><\/p>\n\n\n\n<p>&nbsp;El senador por la regi\u00f3n de O&#8217;Higgins, Juan Luis Castro, expres\u00f3 su firme rechazo ante la reciente reducci\u00f3n del gasto p\u00fablico, que impacta gravemente \u00e1reas fundamentales como salud y seguridad, contraviniendo el protocolo de acuerdo suscrito en la Comisi\u00f3n Mixta de Presupuestos el pasado noviembre.<\/p>\n\n\n\n<p>\u201cQued\u00f3 taxativamente establecido en el protocolo de acuerdo entre el Ejecutivo, a trav\u00e9s de Hacienda, y el Congreso Nacional que la reducci\u00f3n del gasto p\u00fablico no podr\u00eda afectar servicios esenciales como salud, las polic\u00edas de Carabineros e Investigaciones, Gendarmer\u00eda, el sistema escolar, las concesiones y los subsidios habitacionales. Sin embargo, este compromiso ha sido violado \u00ab, se\u00f1al\u00f3 el parlamentario.<\/p>\n\n\n\n<p>El senador Castro destac\u00f3 que el sector salud enfrenta un recorte del orden de $16.000 millones, a lo que se suma un impacto directo en el presupuesto destinado al Ministerio P\u00fablico y a los tribunales. \u201c\u00c1reas como seguridad y salud, que por definici\u00f3n quedaron al margen de cualquier da\u00f1o por la reducci\u00f3n presupuestaria, est\u00e1n gravemente afectadas. Esto es un enga\u00f1o. No es una interpretaci\u00f3n, es una realidad que demuestra el incumplimiento del compromiso formal\u201d, denunci\u00f3.<\/p>\n\n\n\n<p>Seg\u00fan el senador, esta situaci\u00f3n no solo pone en jaque el bienestar de la ciudadan\u00eda, sino tambi\u00e9n la posibilidad de alcanzar futuros acuerdos con el Ministerio de Hacienda. \u201cEste incumplimiento hace tambalear la confianza necesaria para establecer nuevos consensos en condiciones desiguales, poco reflexivas y totalmente imprudentes, considerando la realidad social del pa\u00eds y las prioridades ciudadanas\u201d, enfatiz\u00f3.<\/p>\n\n\n\n<p>El senador Juan Luis Castro reiter\u00f3 la urgencia de rectificar estas decisiones y restablecer los compromisos adquiridos, priorizando \u00e1reas tan sensibles como la salud y la seguridad, fundamentales para el desarrollo y la estabilidad social de Chile.<\/p>\n","protected":false},"excerpt":{"rendered":"El parlamentario asegura que la reducci\u00f3n compromete \u00e1reas esenciales protegidas&nbsp;por un protocolo de acuerdo entre el Ejecutivo, a&hellip;\n","protected":false},"author":1,"featured_media":0,"comment_status":"open","ping_status":"open","sticky":false,"template":"","format":"standard","meta":{"_monsterinsights_skip_tracking":false,"_monsterinsights_sitenote_active":false,"_monsterinsights_sitenote_note":"","_monsterinsights_sitenote_category":0,"footnotes":""},"categories":[5],"tags":[],"class_list":{"0":"post-1035","1":"post","2":"type-post","3":"status-publish","4":"format-standard","6":"category-policial"},"aioseo_notices":[],"_links":{"self":[{"href":"https:\/\/www.rengoenlanoticia.cl\/prensa\/wp-json\/wp\/v2\/posts\/1035","targetHints":{"allow":["GET"]}}],"collection":[{"href":"https:\/\/www.rengoenlanoticia.cl\/prensa\/wp-json\/wp\/v2\/posts"}],"about":[{"href":"https:\/\/www.rengoenlanoticia.cl\/prensa\/wp-json\/wp\/v2\/types\/post"}],"author":[{"embeddable":true,"href":"https:\/\/www.rengoenlanoticia.cl\/prensa\/wp-json\/wp\/v2\/users\/1"}],"replies":[{"embeddable":true,"href":"https:\/\/www.rengoenlanoticia.cl\/prensa\/wp-json\/wp\/v2\/comments?post=1035"}],"version-history":[{"count":2,"href":"https:\/\/www.rengoenlanoticia.cl\/prensa\/wp-json\/wp\/v2\/posts\/1035\/revisions"}],"predecessor-version":[{"id":1038,"href":"https:\/\/www.rengoenlanoticia.cl\/prensa\/wp-json\/wp\/v2\/posts\/1035\/revisions\/1038"}],"wp:attachment":[{"href":"https:\/\/www.rengoenlanoticia.cl\/prensa\/wp-json\/wp\/v2\/media?parent=1035"}],"wp:term":[{"taxonomy":"category","embeddable":true,"href":"https:\/\/www.rengoenlanoticia.cl\/prensa\/wp-json\/wp\/v2\/categories?post=1035"},{"taxonomy":"post_tag","embeddable":true,"href":"https:\/\/www.rengoenlanoticia.cl\/prensa\/wp-json\/wp\/v2\/tags?post=1035"}],"curies":[{"name":"wp","href":"https:\/\/api.w.org\/{rel}","templated":true}]}}