{"id":1030,"date":"2025-01-16T12:21:42","date_gmt":"2025-01-16T12:21:42","guid":{"rendered":"https:\/\/www.rengoenlanoticia.cl\/prensa\/?p=1030"},"modified":"2025-01-16T12:22:26","modified_gmt":"2025-01-16T12:22:26","slug":"carabineros-detienen-de-dos-personas-por-ordenes-vigentes-por-el-delito-de-lesiones-menos-graves-en-rengo","status":"publish","type":"post","link":"https:\/\/www.rengoenlanoticia.cl\/prensa\/2025\/01\/16\/carabineros-detienen-de-dos-personas-por-ordenes-vigentes-por-el-delito-de-lesiones-menos-graves-en-rengo\/","title":{"rendered":"Carabineros detienen a dos personas por \u00f3rdenes vigentes por el delito de lesiones menos graves en Rengo"},"content":{"rendered":"\n<p><\/p>\n\n\n\n<p>El d\u00eda de hoy, personal Motorizado de la 4ta. Comisar\u00eda Rengo, tras efectuar patrullajes preventivos por la villa Jard\u00edn, de la comuna de Rengo; se procede a fiscalizar a dos personas adultas, individualizadas con las iniciales J.G.M.G. de 53 a\u00f1os, de sexo masculino; y una segunda persona de nacionalidad boliviana, de sexo femenino, de iniciales E.C.A., de 36 a\u00f1os; los que al ser consultado en las plataformas institucionales, ambas personas presentaron ordenes de detenci\u00f3n vigente, por los delitos de lesiones menos graves emanada por el Juzgado de Garantia de Rengo.<\/p>\n","protected":false},"excerpt":{"rendered":"El d\u00eda de hoy, personal Motorizado de la 4ta. Comisar\u00eda Rengo, tras efectuar patrullajes preventivos por la villa&hellip;\n","protected":false},"author":1,"featured_media":0,"comment_status":"open","ping_status":"open","sticky":false,"template":"","format":"standard","meta":{"_monsterinsights_skip_tracking":false,"_monsterinsights_sitenote_active":false,"_monsterinsights_sitenote_note":"","_monsterinsights_sitenote_category":0,"footnotes":""},"categories":[5],"tags":[],"class_list":{"0":"post-1030","1":"post","2":"type-post","3":"status-publish","4":"format-standard","6":"category-policial"},"aioseo_notices":[],"_links":{"self":[{"href":"https:\/\/www.rengoenlanoticia.cl\/prensa\/wp-json\/wp\/v2\/posts\/1030","targetHints":{"allow":["GET"]}}],"collection":[{"href":"https:\/\/www.rengoenlanoticia.cl\/prensa\/wp-json\/wp\/v2\/posts"}],"about":[{"href":"https:\/\/www.rengoenlanoticia.cl\/prensa\/wp-json\/wp\/v2\/types\/post"}],"author":[{"embeddable":true,"href":"https:\/\/www.rengoenlanoticia.cl\/prensa\/wp-json\/wp\/v2\/users\/1"}],"replies":[{"embeddable":true,"href":"https:\/\/www.rengoenlanoticia.cl\/prensa\/wp-json\/wp\/v2\/comments?post=1030"}],"version-history":[{"count":3,"href":"https:\/\/www.rengoenlanoticia.cl\/prensa\/wp-json\/wp\/v2\/posts\/1030\/revisions"}],"predecessor-version":[{"id":1034,"href":"https:\/\/www.rengoenlanoticia.cl\/prensa\/wp-json\/wp\/v2\/posts\/1030\/revisions\/1034"}],"wp:attachment":[{"href":"https:\/\/www.rengoenlanoticia.cl\/prensa\/wp-json\/wp\/v2\/media?parent=1030"}],"wp:term":[{"taxonomy":"category","embeddable":true,"href":"https:\/\/www.rengoenlanoticia.cl\/prensa\/wp-json\/wp\/v2\/categories?post=1030"},{"taxonomy":"post_tag","embeddable":true,"href":"https:\/\/www.rengoenlanoticia.cl\/prensa\/wp-json\/wp\/v2\/tags?post=1030"}],"curies":[{"name":"wp","href":"https:\/\/api.w.org\/{rel}","templated":true}]}}