{"id":10242,"date":"2026-04-27T12:04:26","date_gmt":"2026-04-27T12:04:26","guid":{"rendered":"https:\/\/www.rengoenlanoticia.cl\/prensa\/?p=10242"},"modified":"2026-04-27T12:06:33","modified_gmt":"2026-04-27T12:06:33","slug":"senador-castro-pide-cambios-de-fondo-en-el-hospital-regional-franco-ravera-zunino-y-exige-decisiones-del-ministerio-de-salud","status":"publish","type":"post","link":"https:\/\/www.rengoenlanoticia.cl\/prensa\/2026\/04\/27\/senador-castro-pide-cambios-de-fondo-en-el-hospital-regional-franco-ravera-zunino-y-exige-decisiones-del-ministerio-de-salud\/","title":{"rendered":"Senador Castro pide cambios de fondo en el Hospital Regional Franco Ravera Zunino y exige decisiones del Ministerio de Salud"},"content":{"rendered":"\n<p><em>El parlamentario advirti\u00f3 que la crisis financiera, las listas de espera y el clima interno del recinto requieren medidas urgentes y una gesti\u00f3n renovada para garantizar la atenci\u00f3n de los pacientes de la regi\u00f3n.<\/em><\/p>\n\n\n\n<p>El senador por la regi\u00f3n de O\u2019Higgins y presidente de la comisi\u00f3n de Salud, Juan Luis Castro, se refiri\u00f3 a la compleja situaci\u00f3n que enfrenta el Hospital Regional de Rancagua, se\u00f1alando que el recinto necesita cambios profundos y decisiones urgentes por parte de la autoridad sanitaria.<\/p>\n\n\n\n<p>El hospital, enfrenta actualmente una abultada deuda, una direcci\u00f3n en calidad de subrogancia y un escenario de tensiones con los gremios de la salud, quienes han manifestado su preocupaci\u00f3n por medidas que no han generado conformidad entre los funcionarios. En este contexto, el senador ha sostenido reuniones permanentes con organizaciones como Asenf, Fenpruss y Asiap, recogiendo sus inquietudes y planteando la necesidad de avanzar en soluciones estructurales.<\/p>\n\n\n\n<p>\u201cHemos acompa\u00f1ado la situaci\u00f3n del hospital, que ha sido compleja y dif\u00edcil, pero donde hoy se requieren cambios de verdad. Esto significa que la autoridad superior, el Ministerio de Salud, tome decisiones que permitan salir adelante, tanto en lo financiero como en las listas de espera, que son los grandes dolores de cabeza del hospital\u201d, afirm\u00f3 el parlamentario.<\/p>\n\n\n\n<p>En esa l\u00ednea, Castro enfatiz\u00f3 que, a diez a\u00f1os de su construcci\u00f3n, el principal recinto asistencial de la regi\u00f3n debe iniciar una nueva etapa centrada en una mejor gesti\u00f3n y en recuperar un adecuado clima laboral.<\/p>\n\n\n\n<p>\u201cA diez a\u00f1os de su construcci\u00f3n, es momento de revitalizarlo sobre la base de una mejor gesti\u00f3n y de un clima organizacional que permita terminar con las trifulcas y conflictos internos, para enfocarse en lo m\u00e1s importante: las personas, los pacientes de toda la regi\u00f3n que dependen de este recinto, donde adem\u00e1s se concentran los especialistas de m\u00e1s alto nivel\u201d, agreg\u00f3.<\/p>\n\n\n\n<p>Finalmente, el senador hizo un llamado directo al Ministerio de Salud a actuar con determinaci\u00f3n frente a este escenario. \u201cPido convicci\u00f3n y decisi\u00f3n de parte del Ministerio, porque estamos en horas dif\u00edciles y se requieren cambios sustantivos, que nadie va a cuestionar si son t\u00e9cnicos y est\u00e1n orientados a mejorar la atenci\u00f3n\u201d, concluy\u00f3.<\/p>\n","protected":false},"excerpt":{"rendered":"El parlamentario advirti\u00f3 que la crisis financiera, las listas de espera y el clima interno del recinto requieren&hellip;\n","protected":false},"author":1,"featured_media":10250,"comment_status":"open","ping_status":"open","sticky":false,"template":"","format":"standard","meta":{"_monsterinsights_skip_tracking":false,"_monsterinsights_sitenote_active":false,"_monsterinsights_sitenote_note":"","_monsterinsights_sitenote_category":0,"footnotes":""},"categories":[8],"tags":[],"class_list":{"0":"post-10242","1":"post","2":"type-post","3":"status-publish","4":"format-standard","5":"has-post-thumbnail","7":"category-portada"},"aioseo_notices":[],"_links":{"self":[{"href":"https:\/\/www.rengoenlanoticia.cl\/prensa\/wp-json\/wp\/v2\/posts\/10242","targetHints":{"allow":["GET"]}}],"collection":[{"href":"https:\/\/www.rengoenlanoticia.cl\/prensa\/wp-json\/wp\/v2\/posts"}],"about":[{"href":"https:\/\/www.rengoenlanoticia.cl\/prensa\/wp-json\/wp\/v2\/types\/post"}],"author":[{"embeddable":true,"href":"https:\/\/www.rengoenlanoticia.cl\/prensa\/wp-json\/wp\/v2\/users\/1"}],"replies":[{"embeddable":true,"href":"https:\/\/www.rengoenlanoticia.cl\/prensa\/wp-json\/wp\/v2\/comments?post=10242"}],"version-history":[{"count":3,"href":"https:\/\/www.rengoenlanoticia.cl\/prensa\/wp-json\/wp\/v2\/posts\/10242\/revisions"}],"predecessor-version":[{"id":10265,"href":"https:\/\/www.rengoenlanoticia.cl\/prensa\/wp-json\/wp\/v2\/posts\/10242\/revisions\/10265"}],"wp:featuredmedia":[{"embeddable":true,"href":"https:\/\/www.rengoenlanoticia.cl\/prensa\/wp-json\/wp\/v2\/media\/10250"}],"wp:attachment":[{"href":"https:\/\/www.rengoenlanoticia.cl\/prensa\/wp-json\/wp\/v2\/media?parent=10242"}],"wp:term":[{"taxonomy":"category","embeddable":true,"href":"https:\/\/www.rengoenlanoticia.cl\/prensa\/wp-json\/wp\/v2\/categories?post=10242"},{"taxonomy":"post_tag","embeddable":true,"href":"https:\/\/www.rengoenlanoticia.cl\/prensa\/wp-json\/wp\/v2\/tags?post=10242"}],"curies":[{"name":"wp","href":"https:\/\/api.w.org\/{rel}","templated":true}]}}