{"id":10241,"date":"2026-04-27T12:06:20","date_gmt":"2026-04-27T12:06:20","guid":{"rendered":"https:\/\/www.rengoenlanoticia.cl\/prensa\/?p=10241"},"modified":"2026-04-27T12:06:21","modified_gmt":"2026-04-27T12:06:21","slug":"samu-ohiggins-fortalece-articulacion-con-red-asistencial-y-comunidad","status":"publish","type":"post","link":"https:\/\/www.rengoenlanoticia.cl\/prensa\/2026\/04\/27\/samu-ohiggins-fortalece-articulacion-con-red-asistencial-y-comunidad\/","title":{"rendered":"SAMU O\u2019Higgins fortalece articulaci\u00f3n con red asistencial y comunidad"},"content":{"rendered":"\n<p>\u00a0<strong>En encuentro con el Consejo Consultivo del Hospital de Santa Cruz, abordando la atenci\u00f3n prehospitalaria y la respuesta ante emergencias.<\/strong><\/p>\n\n\n\n<p>La coordinaci\u00f3n entre la atenci\u00f3n prehospitalaria y la red asistencial es uno de los principales objetivos de las acciones que est\u00e1 desarrollando el SAMU O\u2019Higgins en la regi\u00f3n. En este contexto, se llev\u00f3 a cabo un encuentro con el Consejo Consultivo del Hospital de Santa Cruz, instancia que permiti\u00f3 avanzar en el trabajo colaborativo y en el acercamiento entre los equipos de salud y la comunidad organizada.<\/p>\n\n\n\n<p>La actividad se desarroll\u00f3 en el marco de las acciones del Departamento de Participaci\u00f3n Ciudadana del Hospital, y cont\u00f3 con la participaci\u00f3n del director del establecimiento, Dr. Sebasti\u00e1n Urz\u00faa, junto al equipo SAMU regional encabezado por el Enfermero Supervisor Manuel Guzm\u00e1n, adem\u00e1s de profesionales del servicio de urgencias y representantes del Consejo Consultivo.<\/p>\n\n\n\n<figure class=\"wp-block-image size-full\"><img loading=\"lazy\" decoding=\"async\" width=\"1024\" height=\"543\" src=\"https:\/\/www.rengoenlanoticia.cl\/prensa\/wp-content\/uploads\/2026\/04\/samuen-santa_cruz-1.jpg\" alt=\"\" class=\"wp-image-10248\" srcset=\"https:\/\/www.rengoenlanoticia.cl\/prensa\/wp-content\/uploads\/2026\/04\/samuen-santa_cruz-1.jpg 1024w, https:\/\/www.rengoenlanoticia.cl\/prensa\/wp-content\/uploads\/2026\/04\/samuen-santa_cruz-1-300x159.jpg 300w, https:\/\/www.rengoenlanoticia.cl\/prensa\/wp-content\/uploads\/2026\/04\/samuen-santa_cruz-1-768x407.jpg 768w, https:\/\/www.rengoenlanoticia.cl\/prensa\/wp-content\/uploads\/2026\/04\/samuen-santa_cruz-1-110x58.jpg 110w, https:\/\/www.rengoenlanoticia.cl\/prensa\/wp-content\/uploads\/2026\/04\/samuen-santa_cruz-1-200x106.jpg 200w, https:\/\/www.rengoenlanoticia.cl\/prensa\/wp-content\/uploads\/2026\/04\/samuen-santa_cruz-1-380x202.jpg 380w, https:\/\/www.rengoenlanoticia.cl\/prensa\/wp-content\/uploads\/2026\/04\/samuen-santa_cruz-1-255x135.jpg 255w, https:\/\/www.rengoenlanoticia.cl\/prensa\/wp-content\/uploads\/2026\/04\/samuen-santa_cruz-1-550x292.jpg 550w, https:\/\/www.rengoenlanoticia.cl\/prensa\/wp-content\/uploads\/2026\/04\/samuen-santa_cruz-1-800x424.jpg 800w\" sizes=\"auto, (max-width: 1024px) 100vw, 1024px\" \/><\/figure>\n\n\n\n<p>Durante la jornada, el equipo SAMU expuso el funcionamiento del sistema de urgencias, sus principales protocolos de acci\u00f3n y el rol clave que cumple en la atenci\u00f3n oportuna de emergencias en la comunidad. Asimismo, se abordaron flujos de derivaci\u00f3n, tiempos de respuesta, coordinaci\u00f3n interinstitucional y los principales desaf\u00edos del sistema, generando un espacio de di\u00e1logo directo con la comunidad.<\/p>\n\n\n\n<p>El director del SAMU O\u2019Higgins, Osvaldo Pontigo, destac\u00f3 la relevancia de la instancia y su impacto en el fortalecimiento de la red asistencial, comentando que \u201cfuimos invitados a exponer sobre el rol y funcionamiento del SAMU O\u2019Higgins, y para ello concurri\u00f3 el enfermero supervisor Manuel Guzm\u00e1n, junto a los equipos M14 y M28, ambulancia b\u00e1sica y avanzada de la comuna de Santa Cruz, participando en una reuni\u00f3n con integrantes del Consejo Consultivo y profesionales del hospital\u201d.<\/p>\n\n\n\n<p>A\u00f1adi\u00f3 que \u201cpara SAMU O\u2019Higgins es extremadamente valioso e importante este tipo de iniciativas, ya que permiten dar a conocer c\u00f3mo funciona el sistema, c\u00f3mo se accede a \u00e9l y de qu\u00e9 manera participa en la cadena de sobrevida de las personas en riesgo vital, especialmente cuando participa la comunidad. Sin duda que entregar herramientas a la ciudadan\u00eda mejora el uso de la red y la experiencia en salud\u201d.<\/p>\n\n\n\n<p>El director del SAMU O\u2019Higgins puntualiz\u00f3 que \u201cel Hospital de Santa Cruz y su microred han demostrado un alto compromiso con la mejora continua del sistema\u201d, subrayando adem\u00e1s que \u201cactualmente SAMU O\u2019Higgins est\u00e1 capacitando a cerca de treinta profesionales de los hospitales de Litueche, Marchig\u00fce y Lolol, quienes ser\u00e1n certificados en mayo mediante una actualizaci\u00f3n en gesti\u00f3n prehospitalaria\u201d.<\/p>\n\n\n\n<p>Por su parte, el Dr. Sebasti\u00e1n Urz\u00faa, director del hospital, destac\u00f3 que \u201cinstancias como esta permiten transparentar el funcionamiento de la red de urgencia y acercar a la comunidad al trabajo que realizan nuestros equipos. El SAMU es un pilar fundamental en la atenci\u00f3n prehospitalaria y su coordinaci\u00f3n con el hospital es clave para salvar vidas\u201d.<\/p>\n\n\n\n<p>En tanto, el Enfermero Supervisor de SAMU O\u2019Higgins, Manuel Guzm\u00e1n, present\u00f3 en detalle los protocolos de respuesta, criterios de categorizaci\u00f3n de emergencias y coordinaci\u00f3n con la red asistencial local, resolviendo dudas de los asistentes y reforzando el conocimiento del sistema prehospitalario.<\/p>\n\n\n\n<p>La presidenta del Consejo Consultivo del Hospital de Santa Cruz, Sandra D\u00edaz, valor\u00f3 la jornada, destacando el rol en la vinculaci\u00f3n con la comunidad y la importancia del trabajo conjunto con los equipos de salud. \u201cNosotros como Consejo Consultivo tenemos la tarea de acercar la informaci\u00f3n a nuestros vecinos y vecinas, por eso esta jornada es tan relevante. Nos permiti\u00f3 fortalecer el di\u00e1logo, resolver dudas y conocer m\u00e1s de cerca la labor del SAMU, que es fundamental en la respuesta oportuna ante emergencias y en la atenci\u00f3n prehospitalaria. Su trabajo es clave para salvar vidas y para que la comunidad sepa c\u00f3mo actuar y acceder correctamente a la red\u201d.<\/p>\n\n\n\n<p>Tal como destac\u00f3 la dirigenta, la jornada permiti\u00f3 fortalecer el di\u00e1logo entre la comunidad organizada y los equipos de salud, facilitando la resoluci\u00f3n de dudas y un mayor acercamiento al funcionamiento del SAMU. El encuentro concluy\u00f3 con la consolidaci\u00f3n de compromisos de trabajo colaborativo, reafirmando el rol de la participaci\u00f3n ciudadana en el fortalecimiento y mejora continua del sistema de salud en la regi\u00f3n.<\/p>\n","protected":false},"excerpt":{"rendered":"\u00a0En encuentro con el Consejo Consultivo del Hospital de Santa Cruz, abordando la atenci\u00f3n prehospitalaria y la respuesta&hellip;\n","protected":false},"author":1,"featured_media":10249,"comment_status":"open","ping_status":"open","sticky":false,"template":"","format":"standard","meta":{"_monsterinsights_skip_tracking":false,"_monsterinsights_sitenote_active":false,"_monsterinsights_sitenote_note":"","_monsterinsights_sitenote_category":0,"footnotes":""},"categories":[8],"tags":[],"class_list":{"0":"post-10241","1":"post","2":"type-post","3":"status-publish","4":"format-standard","5":"has-post-thumbnail","7":"category-portada"},"aioseo_notices":[],"_links":{"self":[{"href":"https:\/\/www.rengoenlanoticia.cl\/prensa\/wp-json\/wp\/v2\/posts\/10241","targetHints":{"allow":["GET"]}}],"collection":[{"href":"https:\/\/www.rengoenlanoticia.cl\/prensa\/wp-json\/wp\/v2\/posts"}],"about":[{"href":"https:\/\/www.rengoenlanoticia.cl\/prensa\/wp-json\/wp\/v2\/types\/post"}],"author":[{"embeddable":true,"href":"https:\/\/www.rengoenlanoticia.cl\/prensa\/wp-json\/wp\/v2\/users\/1"}],"replies":[{"embeddable":true,"href":"https:\/\/www.rengoenlanoticia.cl\/prensa\/wp-json\/wp\/v2\/comments?post=10241"}],"version-history":[{"count":3,"href":"https:\/\/www.rengoenlanoticia.cl\/prensa\/wp-json\/wp\/v2\/posts\/10241\/revisions"}],"predecessor-version":[{"id":10266,"href":"https:\/\/www.rengoenlanoticia.cl\/prensa\/wp-json\/wp\/v2\/posts\/10241\/revisions\/10266"}],"wp:featuredmedia":[{"embeddable":true,"href":"https:\/\/www.rengoenlanoticia.cl\/prensa\/wp-json\/wp\/v2\/media\/10249"}],"wp:attachment":[{"href":"https:\/\/www.rengoenlanoticia.cl\/prensa\/wp-json\/wp\/v2\/media?parent=10241"}],"wp:term":[{"taxonomy":"category","embeddable":true,"href":"https:\/\/www.rengoenlanoticia.cl\/prensa\/wp-json\/wp\/v2\/categories?post=10241"},{"taxonomy":"post_tag","embeddable":true,"href":"https:\/\/www.rengoenlanoticia.cl\/prensa\/wp-json\/wp\/v2\/tags?post=10241"}],"curies":[{"name":"wp","href":"https:\/\/api.w.org\/{rel}","templated":true}]}}