{"id":10240,"date":"2026-04-27T12:02:39","date_gmt":"2026-04-27T12:02:39","guid":{"rendered":"https:\/\/www.rengoenlanoticia.cl\/prensa\/?p=10240"},"modified":"2026-04-27T12:06:13","modified_gmt":"2026-04-27T12:06:13","slug":"alianza-entre-conaf-y-comunidad-educativa-de-chacayes-da-vida-a-nuevos-pequenos-guardaparques-en-reserva-nacional-rio-los-cipreses","status":"publish","type":"post","link":"https:\/\/www.rengoenlanoticia.cl\/prensa\/2026\/04\/27\/alianza-entre-conaf-y-comunidad-educativa-de-chacayes-da-vida-a-nuevos-pequenos-guardaparques-en-reserva-nacional-rio-los-cipreses\/","title":{"rendered":"Alianza entre CONAF y comunidad educativa de Chacayes da vida a nuevos Peque\u00f1os Guardaparques en Reserva Nacional R\u00edo Los Cipreses"},"content":{"rendered":"\n<p>En el Centro de Informaci\u00f3n Ambiental de la Reserva Nacional R\u00edo de Los Cipreses, ubicada en la regi\u00f3n de O\u2019Higgins, se realiz\u00f3 la ceremonia de juramento y presentaci\u00f3n del programa \u201cPeque\u00f1os Guardaparques\u201d, instancia que reuni\u00f3 a autoridades regionales y a la comunidad educativa de la Escuela Chacayes, reafirmando el compromiso con la conservaci\u00f3n de la biodiversidad.<\/p>\n\n\n\n<p>La actividad cont\u00f3 con la participaci\u00f3n del Seremi de Agricultura de la Regi\u00f3n de O\u2019Higgins, Carlos Vald\u00e9s Err\u00e1zuriz; la directora regional de CONAF, Carla Castro Alvear; la directora de la Escuela Chacayes, Catherine Cuadra; adem\u00e1s de docentes, estudiantes, apoderados y vecinos del sector.<\/p>\n\n\n\n<p>Este programa, impulsado por CONAF, busca fortalecer el v\u00ednculo de ni\u00f1os, ni\u00f1as y adolescentes con su entorno natural, promoviendo su participaci\u00f3n en la protecci\u00f3n de la biodiversidad a trav\u00e9s de experiencias pr\u00e1cticas como monitoreo, patrullaje y aprendizaje en terreno.<\/p>\n\n\n\n<p>Durante la ceremonia, los estudiantes realizaron su juramento como Peque\u00f1os Guardaparques, comprometi\u00e9ndose a cuidar y proteger el patrimonio natural de su territorio. Asimismo, se llev\u00f3 a cabo la firma simb\u00f3lica del acta de compromiso, marcando un hito en la implementaci\u00f3n de esta iniciativa en la comunidad.<\/p>\n\n\n\n<figure class=\"wp-block-image size-large\"><img loading=\"lazy\" decoding=\"async\" width=\"1024\" height=\"768\" src=\"https:\/\/www.rengoenlanoticia.cl\/prensa\/wp-content\/uploads\/2026\/04\/PEQUENOS-GUARDAPARQUES-CONAF-4-1024x768.jpeg\" alt=\"\" class=\"wp-image-10246\" srcset=\"https:\/\/www.rengoenlanoticia.cl\/prensa\/wp-content\/uploads\/2026\/04\/PEQUENOS-GUARDAPARQUES-CONAF-4-1024x768.jpeg 1024w, https:\/\/www.rengoenlanoticia.cl\/prensa\/wp-content\/uploads\/2026\/04\/PEQUENOS-GUARDAPARQUES-CONAF-4-300x225.jpeg 300w, https:\/\/www.rengoenlanoticia.cl\/prensa\/wp-content\/uploads\/2026\/04\/PEQUENOS-GUARDAPARQUES-CONAF-4-768x576.jpeg 768w, https:\/\/www.rengoenlanoticia.cl\/prensa\/wp-content\/uploads\/2026\/04\/PEQUENOS-GUARDAPARQUES-CONAF-4-1536x1152.jpeg 1536w, https:\/\/www.rengoenlanoticia.cl\/prensa\/wp-content\/uploads\/2026\/04\/PEQUENOS-GUARDAPARQUES-CONAF-4-110x83.jpeg 110w, https:\/\/www.rengoenlanoticia.cl\/prensa\/wp-content\/uploads\/2026\/04\/PEQUENOS-GUARDAPARQUES-CONAF-4-200x150.jpeg 200w, https:\/\/www.rengoenlanoticia.cl\/prensa\/wp-content\/uploads\/2026\/04\/PEQUENOS-GUARDAPARQUES-CONAF-4-380x285.jpeg 380w, https:\/\/www.rengoenlanoticia.cl\/prensa\/wp-content\/uploads\/2026\/04\/PEQUENOS-GUARDAPARQUES-CONAF-4-255x191.jpeg 255w, https:\/\/www.rengoenlanoticia.cl\/prensa\/wp-content\/uploads\/2026\/04\/PEQUENOS-GUARDAPARQUES-CONAF-4-550x413.jpeg 550w, https:\/\/www.rengoenlanoticia.cl\/prensa\/wp-content\/uploads\/2026\/04\/PEQUENOS-GUARDAPARQUES-CONAF-4-800x600.jpeg 800w, https:\/\/www.rengoenlanoticia.cl\/prensa\/wp-content\/uploads\/2026\/04\/PEQUENOS-GUARDAPARQUES-CONAF-4-1160x870.jpeg 1160w, https:\/\/www.rengoenlanoticia.cl\/prensa\/wp-content\/uploads\/2026\/04\/PEQUENOS-GUARDAPARQUES-CONAF-4.jpeg 1600w\" sizes=\"auto, (max-width: 1024px) 100vw, 1024px\" \/><\/figure>\n\n\n\n<p>Al respecto el Seremi de Agricultura, Carlos Vald\u00e9s, destac\u00f3 la relevancia de este tipo de iniciativas:<br>\u201cEste programa refleja el trabajo colaborativo entre el Estado y las comunidades educativas. Aqu\u00ed no solo estamos formando estudiantes, sino ciudadanos comprometidos con el cuidado de nuestros ecosistemas y con el desarrollo sostenible de la regi\u00f3n\u201d.<\/p>\n\n\n\n<p>Por su parte, la directora regional de CONAF, Carla Castro, valor\u00f3 el impacto del programa en las nuevas generaciones: \u201cLos Peque\u00f1os Guardaparques son una muestra concreta de c\u00f3mo la educaci\u00f3n ambiental puede transformar realidades. Estamos sembrando conciencia en ni\u00f1os que ser\u00e1n futuros l\u00edderes en la protecci\u00f3n de nuestras \u00e1reas silvestres protegidas\u201d.<\/p>\n\n\n\n<p>La directora de la Escuela Chacayes, Catherine Cuadra, tambi\u00e9n relev\u00f3 el significado de esta experiencia para la comunidad educativa, destacando el aprendizaje integral que viven los estudiantes al vincularse directamente con la naturaleza.<\/p>\n\n\n\n<p>La jornada incluy\u00f3 adem\u00e1s presentaciones art\u00edsticas preparadas por los estudiantes, quienes demostraron su talento y compromiso en un ambiente de celebraci\u00f3n y aprendizaje.<\/p>\n\n\n\n<p>Con esta actividad, CONAF y la comunidad educativa de Chacayes consolidan un trabajo iniciado en 2018, fortaleciendo la educaci\u00f3n ambiental como herramienta clave para la conservaci\u00f3n de la biodiversidad en la Regi\u00f3n de O\u2019Higgins.<\/p>\n","protected":false},"excerpt":{"rendered":"En el Centro de Informaci\u00f3n Ambiental de la Reserva Nacional R\u00edo de Los Cipreses, ubicada en la regi\u00f3n&hellip;\n","protected":false},"author":1,"featured_media":10247,"comment_status":"open","ping_status":"open","sticky":false,"template":"","format":"standard","meta":{"_monsterinsights_skip_tracking":false,"_monsterinsights_sitenote_active":false,"_monsterinsights_sitenote_note":"","_monsterinsights_sitenote_category":0,"footnotes":""},"categories":[8],"tags":[],"class_list":{"0":"post-10240","1":"post","2":"type-post","3":"status-publish","4":"format-standard","5":"has-post-thumbnail","7":"category-portada"},"aioseo_notices":[],"_links":{"self":[{"href":"https:\/\/www.rengoenlanoticia.cl\/prensa\/wp-json\/wp\/v2\/posts\/10240","targetHints":{"allow":["GET"]}}],"collection":[{"href":"https:\/\/www.rengoenlanoticia.cl\/prensa\/wp-json\/wp\/v2\/posts"}],"about":[{"href":"https:\/\/www.rengoenlanoticia.cl\/prensa\/wp-json\/wp\/v2\/types\/post"}],"author":[{"embeddable":true,"href":"https:\/\/www.rengoenlanoticia.cl\/prensa\/wp-json\/wp\/v2\/users\/1"}],"replies":[{"embeddable":true,"href":"https:\/\/www.rengoenlanoticia.cl\/prensa\/wp-json\/wp\/v2\/comments?post=10240"}],"version-history":[{"count":3,"href":"https:\/\/www.rengoenlanoticia.cl\/prensa\/wp-json\/wp\/v2\/posts\/10240\/revisions"}],"predecessor-version":[{"id":10269,"href":"https:\/\/www.rengoenlanoticia.cl\/prensa\/wp-json\/wp\/v2\/posts\/10240\/revisions\/10269"}],"wp:featuredmedia":[{"embeddable":true,"href":"https:\/\/www.rengoenlanoticia.cl\/prensa\/wp-json\/wp\/v2\/media\/10247"}],"wp:attachment":[{"href":"https:\/\/www.rengoenlanoticia.cl\/prensa\/wp-json\/wp\/v2\/media?parent=10240"}],"wp:term":[{"taxonomy":"category","embeddable":true,"href":"https:\/\/www.rengoenlanoticia.cl\/prensa\/wp-json\/wp\/v2\/categories?post=10240"},{"taxonomy":"post_tag","embeddable":true,"href":"https:\/\/www.rengoenlanoticia.cl\/prensa\/wp-json\/wp\/v2\/tags?post=10240"}],"curies":[{"name":"wp","href":"https:\/\/api.w.org\/{rel}","templated":true}]}}