{"id":1024,"date":"2025-01-16T12:12:22","date_gmt":"2025-01-16T12:12:22","guid":{"rendered":"https:\/\/www.rengoenlanoticia.cl\/prensa\/?p=1024"},"modified":"2025-01-16T12:12:25","modified_gmt":"2025-01-16T12:12:25","slug":"con-tristeza-y-pesar-hospital-ricardo-valenzuela-saez-despide-a-pablito","status":"publish","type":"post","link":"https:\/\/www.rengoenlanoticia.cl\/prensa\/2025\/01\/16\/con-tristeza-y-pesar-hospital-ricardo-valenzuela-saez-despide-a-pablito\/","title":{"rendered":"Con tristeza y pesar Hospital Ricardo Valenzuela S\u00e1ez despide a Pablito"},"content":{"rendered":"\n<p><\/p>\n\n\n\n<p>Pablo Andr\u00e9s Arias P\u00e9rez vivi\u00f3 desde los 14 a\u00f1os en el recinto de salud, lo que signific\u00f3 que de ser solo un paciente pasara a ser parte de la familia hospitalaria del Hospital de Rengo. &nbsp;<\/p>\n\n\n\n<p>De luto est\u00e1 el Hospital Ricardo Valenzuela S\u00e1ez de Rengo por el fallecimiento de Pablo Andr\u00e9s Arias P\u00e9rez, conocido como \u201cPablito\u201d, quien naci\u00f3 el 1 de diciembre de 1982 y quien vivi\u00f3 desde los 14 a\u00f1os (octubre del a\u00f1o 1997) en el Servicio de Pediatr\u00eda del recinto hospitalario, aunque sus \u00faltimos d\u00edas los vivi\u00f3 en una casa de acogida en San Vicente de Tagua Tagua donde pas\u00f3 los \u00faltimos dos a\u00f1os de su vida, falleciendo a la edad de 42 a\u00f1os.<\/p>\n\n\n\n<p>Al respecto, el director del Hospital de Rengo, Dr. Carlos Guzm\u00e1n Mill\u00e1n se\u00f1al\u00f3 \u201cnuestra familia hospitalaria est\u00e1 de luto por la partida de Pablito, lamentablemente en lo personal no tuve la dicha de conocerlo, pero s\u00e9 que para nuestro personal fue un hijo y un amigo, ya que vivi\u00f3 25 a\u00f1os en el recinto de salud. Por otra parte, reconocemos el compromiso, la vocaci\u00f3n de servicio y por sobre todo el amor, el tiempo y el cari\u00f1o entregado por todas las funcionarias y funcionarios, especialmente por el Servicio de Pediatr\u00eda\u201d.<\/p>\n\n\n\n<figure class=\"wp-block-image size-large\"><img decoding=\"async\" src=\"https:\/\/www.rengoenlanoticia.cl\/prensa\/wp-content\/uploads\/2025\/01\/Pablito-4-1024x742.jpg\" alt=\"\" class=\"wp-image-1025\"\/><\/figure>\n\n\n\n<p>En tal sentido, la Asistente Social del recinto hospitalario de Rengo y tutora legal de Pablito, Margarita Correa record\u00f3 que \u201cPablito fue muy especial para todos y siempre va a estar en nuestro coraz\u00f3n. Todos quienes lo conocieron tuvieron una experiencia o una an\u00e9cdota y a todos nos brind\u00f3 una sonrisa. Nos acordamos de todas las bromas y vivencias que pasamos con Pablito, me acuerdo que iba a mi oficina y fue muy feliz en el hospital. Cuando lo fuimos a dejar al Hogar en San Vicente, sent\u00ed que all\u00e1 tambi\u00e9n lo iban a querer harto, su partida me parti\u00f3 el alma, pero a la vez s\u00e9 que fue muy feliz\u201d. &nbsp;&nbsp;<\/p>\n\n\n\n<p>En la misma l\u00ednea, la enfermera supervisora del Servicio de Pediatr\u00eda del Hospital de Rengo, Katerine Aceituno manifest\u00f3 que \u201cPablito fue muy importante para todos en el Servicio de Pediatr\u00eda, era parte de nuestra familia, siempre lo dijimos y lo extra\u00f1amos mucho cuando se fue al hogar de acogida, as\u00ed que lo \u00edbamos a visitar puesto que sentimos realmente su ausencia. Incluso celebramos su \u00faltimo cumplea\u00f1os y era tan feliz cuando ve\u00eda a alguien que conoc\u00eda y entregaba esa sonrisa sincera de amor, adem\u00e1s te mostraba sus relojes nuevos que le encantaban. &nbsp;Es dif\u00edcil para nosotros su partida, fuimos su familia en pediatr\u00eda y el hospital completo en realidad, lo amamos mucho\u201d.&nbsp;&nbsp;<\/p>\n\n\n\n<p>La ex funcionaria, Marisol Tapia rememora con mucho cari\u00f1o a Pablito diciendo que \u201cfue un ni\u00f1o m\u00e1gico, risue\u00f1o y tambi\u00e9n muy coqueto. Querido y muy amado por nosotros en el hospital, que incluso sin balbucear palabra alguna sab\u00edamos lo que quer\u00eda decir, como cuando estaba enojado, por ejemplo: que gritaba durante largo rato, que sus gritos se escuchaban a muchos metros y que al pasar por el servicio sab\u00edamos que estaba molesto y cuando estaba feliz, s\u00f3lo bastaba con ver su rostro una gigante sonrisa y sus enormes y bellos ojos que contagiaban a todos y termin\u00e1bamos riendo con \u00e9l\u201d.&nbsp;<\/p>\n\n\n\n<p><strong>Historia de Pablo Arias P\u00e9rez<\/strong><\/p>\n\n\n\n<figure class=\"wp-block-image size-large\"><img decoding=\"async\" src=\"https:\/\/www.rengoenlanoticia.cl\/prensa\/wp-content\/uploads\/2025\/01\/Pablito-3-1024x598.jpg\" alt=\"\" class=\"wp-image-1026\"\/><\/figure>\n\n\n\n<p>Pablo Arias P\u00e9rez, conocido como Pablito naci\u00f3 el 01 de diciembre de 1982. Su madre lo dej\u00f3 al cuidado de un matrimonio vecino, de un sector rural de Rengo, pero la madre adoptiva, que lo quer\u00eda mucho, falleci\u00f3 algunos a\u00f1os despu\u00e9s producto del c\u00e1ncer. Como el padre adoptivo ten\u00eda que trabajar, el menor comenz\u00f3 a quedarse solo todo el d\u00eda y su condici\u00f3n empeor\u00f3. De hecho, lleg\u00f3 al hospital pesando ocho kilos, a los 14 a\u00f1os en octubre de 1997.<\/p>\n\n\n\n<p>Sufr\u00eda un da\u00f1o org\u00e1nico cerebral, lo que significa que ten\u00eda sano su cerebro, pero da\u00f1ada su estructura f\u00edsica y motora, por lo tanto, entend\u00eda todo, se comunica con se\u00f1as. Adem\u00e1s, era muy expresivo con sus ojos y le gustaban las visitas, los regalos, especialmente los relojes. Siempre sonre\u00eda, m\u00e1s a\u00fan cuando una mujer lo visitaba.<\/p>\n\n\n\n<p>Pablito vivi\u00f3 muchos a\u00f1os en el Servicio de Pediatr\u00eda del Hospital Ricardo Valenzuela S\u00e1ez de Rengo, donde lo acogieron al quedar abandonado, convirti\u00e9ndose los funcionarios del establecimiento en su familia. Ellos cada d\u00eda se esforzaban para que saliera adelante y recibiera el tratamiento que necesitaba y fuera muy feliz, ya que lo sacaban a pasear en su silla de ruedas por el establecimiento y le celebraban su cumplea\u00f1os, navidad y a\u00f1o nuevo.<\/p>\n\n\n\n<p>Tambi\u00e9n estuvo en Medicina, Traumatolog\u00eda y Cirug\u00eda hasta que el 13 de julio del a\u00f1o 2022 fue trasladado a un hogar de acogida en San Vicente de Tagua Tagua, donde pas\u00f3 sus \u00faltimos d\u00edas de vida.<\/p>\n","protected":false},"excerpt":{"rendered":"Pablo Andr\u00e9s Arias P\u00e9rez vivi\u00f3 desde los 14 a\u00f1os en el recinto de salud, lo que signific\u00f3 que&hellip;\n","protected":false},"author":1,"featured_media":0,"comment_status":"open","ping_status":"open","sticky":false,"template":"","format":"standard","meta":{"_monsterinsights_skip_tracking":false,"_monsterinsights_sitenote_active":false,"_monsterinsights_sitenote_note":"","_monsterinsights_sitenote_category":0,"footnotes":""},"categories":[8],"tags":[],"class_list":{"0":"post-1024","1":"post","2":"type-post","3":"status-publish","4":"format-standard","6":"category-portada"},"aioseo_notices":[],"_links":{"self":[{"href":"https:\/\/www.rengoenlanoticia.cl\/prensa\/wp-json\/wp\/v2\/posts\/1024","targetHints":{"allow":["GET"]}}],"collection":[{"href":"https:\/\/www.rengoenlanoticia.cl\/prensa\/wp-json\/wp\/v2\/posts"}],"about":[{"href":"https:\/\/www.rengoenlanoticia.cl\/prensa\/wp-json\/wp\/v2\/types\/post"}],"author":[{"embeddable":true,"href":"https:\/\/www.rengoenlanoticia.cl\/prensa\/wp-json\/wp\/v2\/users\/1"}],"replies":[{"embeddable":true,"href":"https:\/\/www.rengoenlanoticia.cl\/prensa\/wp-json\/wp\/v2\/comments?post=1024"}],"version-history":[{"count":2,"href":"https:\/\/www.rengoenlanoticia.cl\/prensa\/wp-json\/wp\/v2\/posts\/1024\/revisions"}],"predecessor-version":[{"id":1029,"href":"https:\/\/www.rengoenlanoticia.cl\/prensa\/wp-json\/wp\/v2\/posts\/1024\/revisions\/1029"}],"wp:attachment":[{"href":"https:\/\/www.rengoenlanoticia.cl\/prensa\/wp-json\/wp\/v2\/media?parent=1024"}],"wp:term":[{"taxonomy":"category","embeddable":true,"href":"https:\/\/www.rengoenlanoticia.cl\/prensa\/wp-json\/wp\/v2\/categories?post=1024"},{"taxonomy":"post_tag","embeddable":true,"href":"https:\/\/www.rengoenlanoticia.cl\/prensa\/wp-json\/wp\/v2\/tags?post=1024"}],"curies":[{"name":"wp","href":"https:\/\/api.w.org\/{rel}","templated":true}]}}