{"id":10239,"date":"2026-04-27T12:02:39","date_gmt":"2026-04-27T12:02:39","guid":{"rendered":"https:\/\/www.rengoenlanoticia.cl\/prensa\/?p=10239"},"modified":"2026-04-27T12:06:01","modified_gmt":"2026-04-27T12:06:01","slug":"sach-informa-funcionamiento-de-supermercados-por-el-feriado-irrenunciable-del-1-de-mayo","status":"publish","type":"post","link":"https:\/\/www.rengoenlanoticia.cl\/prensa\/2026\/04\/27\/sach-informa-funcionamiento-de-supermercados-por-el-feriado-irrenunciable-del-1-de-mayo\/","title":{"rendered":"SACH informa funcionamiento de supermercados por el feriado irrenunciable del 1 de mayo"},"content":{"rendered":"\n<p><em>Todas las salas de supermercados del pa\u00eds deber\u00e1n permanecer cerradas durante el D\u00eda del Trabajo, cualquiera sea su ubicaci\u00f3n.<\/em><\/p>\n\n\n\n<p><em>Los horarios espec\u00edficos de cierre del jueves 30 de abril y de apertura del s\u00e1bado 2 de mayo ser\u00e1n informados oportunamente por cada cadena.<\/em><\/p>\n\n\n\n<p><strong>Santiago, 24 de abril de 2026.<\/strong>&nbsp;Con motivo del feriado obligatorio e irrenunciable del viernes 1 de mayo, Supermercados de Chile A.G. (ASACH) informa a la ciudadan\u00eda el r\u00e9gimen de funcionamiento que regir\u00e1 para los supermercados del pa\u00eds, conforme a la normativa laboral vigente.<\/p>\n\n\n\n<p>De acuerdo con la&nbsp;<strong>Ley N\u00b0 20.215, complementada por la Ley N\u00b0 20.629,&nbsp;<\/strong>el 1 de mayo corresponde a un feriado obligatorio e irrenunciable para los trabajadores del comercio, por lo que todas las salas de supermercados deber\u00e1n permanecer cerradas durante esa jornada, cualquiera sea su ubicaci\u00f3n.<\/p>\n\n\n\n<p>Asimismo, en aplicaci\u00f3n del art\u00edculo 36 del C\u00f3digo del Trabajo,&nbsp;<strong>el descanso correspondiente a este feriado comenzar\u00e1 a las 21:00 horas del jueves 30 de abril y se extender\u00e1 hasta las 06:00 horas del s\u00e1bado 2 de mayo<\/strong>. Por ello, los locales deber\u00e1n adoptar las medidas necesarias para que sus trabajadores hagan abandono de sus puestos de trabajo dentro del horario establecido.<\/p>\n\n\n\n<p><strong>Enrique Kuncar, presidente de Supermercados de Chile A.G.,<\/strong>&nbsp;se\u00f1al\u00f3 que&nbsp;<em>\u201cel 1 de mayo es una fecha especialmente significativa para los trabajadores del pa\u00eds, y como sector reafirmamos nuestro compromiso con el cumplimiento estricto de la normativa laboral. Por eso, junto con informar oportunamente a la comunidad, hacemos un llamado a las personas a planificar sus compras con anticipaci\u00f3n, de manera de resguardar una mejor experiencia para clientes y trabajadores\u201d.<\/em><\/p>\n\n\n\n<p>En este contexto, ASACH recuerda que los horarios espec\u00edficos de cierre de la atenci\u00f3n a p\u00fablico durante la v\u00edspera del feriado, as\u00ed como los horarios de funcionamiento posteriores, ser\u00e1n informados oportunamente por cada cadena a trav\u00e9s de sus canales habituales.<\/p>\n","protected":false},"excerpt":{"rendered":"Todas las salas de supermercados del pa\u00eds deber\u00e1n permanecer cerradas durante el D\u00eda del Trabajo, cualquiera sea su&hellip;\n","protected":false},"author":1,"featured_media":10245,"comment_status":"open","ping_status":"open","sticky":false,"template":"","format":"standard","meta":{"_monsterinsights_skip_tracking":false,"_monsterinsights_sitenote_active":false,"_monsterinsights_sitenote_note":"","_monsterinsights_sitenote_category":0,"footnotes":""},"categories":[8],"tags":[],"class_list":{"0":"post-10239","1":"post","2":"type-post","3":"status-publish","4":"format-standard","5":"has-post-thumbnail","7":"category-portada"},"aioseo_notices":[],"_links":{"self":[{"href":"https:\/\/www.rengoenlanoticia.cl\/prensa\/wp-json\/wp\/v2\/posts\/10239","targetHints":{"allow":["GET"]}}],"collection":[{"href":"https:\/\/www.rengoenlanoticia.cl\/prensa\/wp-json\/wp\/v2\/posts"}],"about":[{"href":"https:\/\/www.rengoenlanoticia.cl\/prensa\/wp-json\/wp\/v2\/types\/post"}],"author":[{"embeddable":true,"href":"https:\/\/www.rengoenlanoticia.cl\/prensa\/wp-json\/wp\/v2\/users\/1"}],"replies":[{"embeddable":true,"href":"https:\/\/www.rengoenlanoticia.cl\/prensa\/wp-json\/wp\/v2\/comments?post=10239"}],"version-history":[{"count":3,"href":"https:\/\/www.rengoenlanoticia.cl\/prensa\/wp-json\/wp\/v2\/posts\/10239\/revisions"}],"predecessor-version":[{"id":10267,"href":"https:\/\/www.rengoenlanoticia.cl\/prensa\/wp-json\/wp\/v2\/posts\/10239\/revisions\/10267"}],"wp:featuredmedia":[{"embeddable":true,"href":"https:\/\/www.rengoenlanoticia.cl\/prensa\/wp-json\/wp\/v2\/media\/10245"}],"wp:attachment":[{"href":"https:\/\/www.rengoenlanoticia.cl\/prensa\/wp-json\/wp\/v2\/media?parent=10239"}],"wp:term":[{"taxonomy":"category","embeddable":true,"href":"https:\/\/www.rengoenlanoticia.cl\/prensa\/wp-json\/wp\/v2\/categories?post=10239"},{"taxonomy":"post_tag","embeddable":true,"href":"https:\/\/www.rengoenlanoticia.cl\/prensa\/wp-json\/wp\/v2\/tags?post=10239"}],"curies":[{"name":"wp","href":"https:\/\/api.w.org\/{rel}","templated":true}]}}