{"id":10238,"date":"2026-04-27T12:03:39","date_gmt":"2026-04-27T12:03:39","guid":{"rendered":"https:\/\/www.rengoenlanoticia.cl\/prensa\/?p=10238"},"modified":"2026-04-27T12:05:52","modified_gmt":"2026-04-27T12:05:52","slug":"senador-castro-respalda-la-propiedad-intelectual-y-acusa-forado-en-articulo-8-del-proyecto-de-reconstruccion","status":"publish","type":"post","link":"https:\/\/www.rengoenlanoticia.cl\/prensa\/2026\/04\/27\/senador-castro-respalda-la-propiedad-intelectual-y-acusa-forado-en-articulo-8-del-proyecto-de-reconstruccion\/","title":{"rendered":"Senador Castro respalda la propiedad intelectual y acusa \u201cforado\u201d en art\u00edculo 8 del proyecto de reconstrucci\u00f3n"},"content":{"rendered":"\n<p><em>La medida ha generado preocupaci\u00f3n en medios y creadores por su impacto en los derechos de autor y el uso de contenidos.<\/em><\/p>\n\n\n\n<p>El senador por la regi\u00f3n de O\u2019Higgins, Juan Luis Castro, respald\u00f3 la posici\u00f3n expresada por la Asociaci\u00f3n Nacional de Televisi\u00f3n (Anatel), la Sociedad Chilena de Autores e Int\u00e9rpretes Musicales (SCD) y la Asociaci\u00f3n Nacional de la Prensa (ANP) frente al art\u00edculo 8 del proyecto de ley de reconstrucci\u00f3n impulsado por el Gobierno.<\/p>\n\n\n\n<p>Esta disposici\u00f3n introduce modificaciones a la Ley de Propiedad Intelectual, estableciendo que ser\u00e1 l\u00edcito, sin autorizaci\u00f3n ni pago al titular, reproducir, adaptar, distribuir o comunicar al p\u00fablico obras ya publicadas, cuando ello se realice con fines de extracci\u00f3n, comparaci\u00f3n, clasificaci\u00f3n u otros an\u00e1lisis estad\u00edsticos de datos \u2014como lenguaje, sonido o imagen\u2014, siempre que no constituya una explotaci\u00f3n comercial encubierta.<\/p>\n\n\n\n<p>Al respecto, el parlamentario fue enf\u00e1tico en cuestionar la iniciativa: \u201cEs bien curioso que el oficialismo y la derecha defiendan tanto la propiedad privada, y cuando se trata de la propiedad intelectual aparece esta tremenda ambig\u00fcedad y un forado que quieren instalar a trav\u00e9s de este megaproyecto. Aqu\u00ed, el derecho de propiedad intelectual de artistas, creadores y medios queda en entredicho, porque se abre la puerta a que nadie pague derechos de autor a nadie\u201d, afirm\u00f3.<\/p>\n\n\n\n<p>Castro advirti\u00f3 que la medida podr\u00eda favorecer a grandes plataformas tecnol\u00f3gicas en desmedro de quienes generan contenido, afectando directamente a medios de comunicaci\u00f3n y creadores. \u201cMuy bueno para los grandes conglomerados que usan inteligencia artificial a destajo, copiando contenidos de cualquier naturaleza, y muy malo para quienes crean, sean medios de prensa, autores individuales o personas que hoy generan conocimiento y no quieren que se lo usurpen\u201d, agreg\u00f3.<\/p>\n\n\n\n<p>En esa l\u00ednea, el senador hizo un llamado a aplicar el mismo criterio que se utiliza en la defensa de la propiedad privada. \u201cSi hay tanto celo por la propiedad privada, pido el mismo celo por la propiedad intelectual, porque tambi\u00e9n es privada. No pasa a ser un bien p\u00fablico solo por estar publicado. Aqu\u00ed tiene que haber resguardo y seguridad\u201d, sostuvo.<\/p>\n\n\n\n<p>Finalmente, el legislador expres\u00f3 su respaldo a las organizaciones que han levantado la alerta frente a esta norma. \u201cRespaldo a la Asociaci\u00f3n Nacional de la Prensa, ANATEL y a todos los organismos que hist\u00f3ricamente han defendido la propiedad intelectual en Chile. Esta es la base del conocimiento, y debe protegerse sin perjudicar a quienes lo producen\u201d, concluy\u00f3.<\/p>\n","protected":false},"excerpt":{"rendered":"La medida ha generado preocupaci\u00f3n en medios y creadores por su impacto en los derechos de autor y&hellip;\n","protected":false},"author":1,"featured_media":10244,"comment_status":"open","ping_status":"open","sticky":false,"template":"","format":"standard","meta":{"_monsterinsights_skip_tracking":false,"_monsterinsights_sitenote_active":false,"_monsterinsights_sitenote_note":"","_monsterinsights_sitenote_category":0,"footnotes":""},"categories":[11,8],"tags":[],"class_list":{"0":"post-10238","1":"post","2":"type-post","3":"status-publish","4":"format-standard","5":"has-post-thumbnail","7":"category-politica","8":"category-portada"},"aioseo_notices":[],"_links":{"self":[{"href":"https:\/\/www.rengoenlanoticia.cl\/prensa\/wp-json\/wp\/v2\/posts\/10238","targetHints":{"allow":["GET"]}}],"collection":[{"href":"https:\/\/www.rengoenlanoticia.cl\/prensa\/wp-json\/wp\/v2\/posts"}],"about":[{"href":"https:\/\/www.rengoenlanoticia.cl\/prensa\/wp-json\/wp\/v2\/types\/post"}],"author":[{"embeddable":true,"href":"https:\/\/www.rengoenlanoticia.cl\/prensa\/wp-json\/wp\/v2\/users\/1"}],"replies":[{"embeddable":true,"href":"https:\/\/www.rengoenlanoticia.cl\/prensa\/wp-json\/wp\/v2\/comments?post=10238"}],"version-history":[{"count":3,"href":"https:\/\/www.rengoenlanoticia.cl\/prensa\/wp-json\/wp\/v2\/posts\/10238\/revisions"}],"predecessor-version":[{"id":10268,"href":"https:\/\/www.rengoenlanoticia.cl\/prensa\/wp-json\/wp\/v2\/posts\/10238\/revisions\/10268"}],"wp:featuredmedia":[{"embeddable":true,"href":"https:\/\/www.rengoenlanoticia.cl\/prensa\/wp-json\/wp\/v2\/media\/10244"}],"wp:attachment":[{"href":"https:\/\/www.rengoenlanoticia.cl\/prensa\/wp-json\/wp\/v2\/media?parent=10238"}],"wp:term":[{"taxonomy":"category","embeddable":true,"href":"https:\/\/www.rengoenlanoticia.cl\/prensa\/wp-json\/wp\/v2\/categories?post=10238"},{"taxonomy":"post_tag","embeddable":true,"href":"https:\/\/www.rengoenlanoticia.cl\/prensa\/wp-json\/wp\/v2\/tags?post=10238"}],"curies":[{"name":"wp","href":"https:\/\/api.w.org\/{rel}","templated":true}]}}