{"id":1019,"date":"2025-01-16T12:06:33","date_gmt":"2025-01-16T12:06:33","guid":{"rendered":"https:\/\/www.rengoenlanoticia.cl\/prensa\/?p=1019"},"modified":"2025-01-16T12:06:36","modified_gmt":"2025-01-16T12:06:36","slug":"congreso-futuro-en-ohiggins-apuesta-a-democratizar-el-conocimiento","status":"publish","type":"post","link":"https:\/\/www.rengoenlanoticia.cl\/prensa\/2025\/01\/16\/congreso-futuro-en-ohiggins-apuesta-a-democratizar-el-conocimiento\/","title":{"rendered":"Congreso Futuro en O\u2019Higgins apuesta a democratizar el conocimiento"},"content":{"rendered":"\n<p><\/p>\n\n\n\n<p>\u00a0\u00a0En esta novena versi\u00f3n a nivel regional, la jornada se desarrolla en la UOH entre el 15 y 18 de enero.<\/p>\n\n\n\n<p>\u201cLlegar hasta las regiones con el Congreso Futuro es fundamental para expandir el conocimiento y, por ello, por 9 a\u00f1os consecutivos, se lleva a cabo en cada regi\u00f3n del pa\u00eds, generando una estrecha vinculaci\u00f3n con las universidades regionales, y en nuestro caso, con la Universidad de O\u2019Higgins, donde como anfitriones reciben en el mes de enero de cada a\u00f1o a este Congreso que busca democratizar el conocimiento, y nos da la oportunidad a las regiones de mostrar nuestra potencialidad\u201d. As\u00ed lo indic\u00f3 el Delegado Presidencial Regional, Fabio L\u00f3pez, valorando el inicio de la jornada que se desarrolla en la casa de estudios estatal en Rancagua, entre el 15 y 18 de enero.<\/p>\n\n\n\n<figure class=\"wp-block-image size-large\"><img decoding=\"async\" src=\"https:\/\/www.rengoenlanoticia.cl\/prensa\/wp-content\/uploads\/2025\/01\/congreso_futuro-3-1024x800.jpeg\" alt=\"\" class=\"wp-image-1020\"\/><\/figure>\n\n\n\n<p>El Congreso, que busca que los territorios puedan conocer y reflexionar sobre los futuros posibles que les afectan localmente, contar\u00e1 con numerosos expositores internacionales y nacionales, gracias a la organizaci\u00f3n a cargo del Senado, a trav\u00e9s de la Comisi\u00f3n Desaf\u00edos del Futuro, la C\u00e1mara de Diputados, la Fundaci\u00f3n Encuentros del Futuro, la Academia Chilena de Ciencias y todas las universidades del pa\u00eds.<\/p>\n\n\n\n<p>Respecto a la jornada local -que es organizada por la UOH junto a otras organizaciones p\u00fablicas y privadas- el Delegado resalt\u00f3 que \u201cla Universidad Regional de O&#8217;Higgins encabeza nuevamente este Congreso Futuro, que es una instancia nivel nacional que se vive en cada regi\u00f3n, dando el margen propicio para que se debatan los temas de ciencia, tecnolog\u00eda y tambi\u00e9n patrimonio, que tienen que estar muy de la mano con el futuro que nosotros queremos para nuestra regi\u00f3n y pa\u00eds\u201d.<\/p>\n\n\n\n<figure class=\"wp-block-image size-large\"><img decoding=\"async\" src=\"https:\/\/www.rengoenlanoticia.cl\/prensa\/wp-content\/uploads\/2025\/01\/congreso_futuro-1-1024x576.jpeg\" alt=\"\" class=\"wp-image-1021\"\/><\/figure>\n\n\n\n<p>A\u00f1adi\u00f3 en la misma l\u00ednea que \u201cpor ejemplo, el discutir el futuro de nuestra matriz energ\u00e9tica, de nuestra matriz econ\u00f3mica, que son decisiones que trascienden al Estado de Chile y que tienen que ser tomadas por el Estado, pero tambi\u00e9n por un componente de ciencia, tecnolog\u00eda, asociado al conocimiento, y \u00e9ste, en su mayor\u00eda est\u00e1 en las universidades, y la expresi\u00f3n regional la tiene nuestra Universidad de O&#8217;Higgins, y por eso es sumamente importante que la capital regional, el d\u00eda de hoy, se transforme en el epicentro del desarrollo de la ciencia para el futuro\u201d.<\/p>\n\n\n\n<p>Respecto a lo anterior, fue el Seremi de Energ\u00eda, Claudio Mart\u00ednez, quien destac\u00f3 que el tema de la energ\u00eda estar\u00e9 en esta nueva versi\u00f3n del Congreso Futuro, valorando que \u201ccon ayuda de los gobiernos regionales y de las universidades se avance con di\u00e1logo y debate, y en eso la Universidad de O&#8217;Higgins es clave. Tenemos trabajo en electromovilidad con la UOH, en transici\u00f3n energ\u00e9tica y nuestra regi\u00f3n adem\u00e1s se caracteriza por tener un 80% de capacidad instalada de energ\u00eda renovable. Somos un ejemplo para el pa\u00eds y estamos aportando no s\u00f3lo para la regi\u00f3n de O&#8217;Higgins, sino que para toda nuestra naci\u00f3n\u201d.<\/p>\n\n\n\n<p>Sin duda que el Congreso Futuro se ha convertido, desde sus inicios a nivel nacional en el a\u00f1o 2011, en una plataforma de divulgaci\u00f3n gratuita de ciencia, artes y conocimientos, y con su llegada a las regiones ha avanzado como un espacio ciudadano de di\u00e1logo y reflexi\u00f3n sobre los temas sociales, culturales y pol\u00edticos que la sociedad del presente enfrentar\u00e1 en un futuro cercano, a trav\u00e9s de charlas, paneles y actividades interactivas.&nbsp;<\/p>\n","protected":false},"excerpt":{"rendered":"\u00a0\u00a0En esta novena versi\u00f3n a nivel regional, la jornada se desarrolla en la UOH entre el 15 y&hellip;\n","protected":false},"author":1,"featured_media":0,"comment_status":"open","ping_status":"open","sticky":false,"template":"","format":"standard","meta":{"_monsterinsights_skip_tracking":false,"_monsterinsights_sitenote_active":false,"_monsterinsights_sitenote_note":"","_monsterinsights_sitenote_category":0,"footnotes":""},"categories":[8],"tags":[],"class_list":{"0":"post-1019","1":"post","2":"type-post","3":"status-publish","4":"format-standard","6":"category-portada"},"aioseo_notices":[],"_links":{"self":[{"href":"https:\/\/www.rengoenlanoticia.cl\/prensa\/wp-json\/wp\/v2\/posts\/1019","targetHints":{"allow":["GET"]}}],"collection":[{"href":"https:\/\/www.rengoenlanoticia.cl\/prensa\/wp-json\/wp\/v2\/posts"}],"about":[{"href":"https:\/\/www.rengoenlanoticia.cl\/prensa\/wp-json\/wp\/v2\/types\/post"}],"author":[{"embeddable":true,"href":"https:\/\/www.rengoenlanoticia.cl\/prensa\/wp-json\/wp\/v2\/users\/1"}],"replies":[{"embeddable":true,"href":"https:\/\/www.rengoenlanoticia.cl\/prensa\/wp-json\/wp\/v2\/comments?post=1019"}],"version-history":[{"count":1,"href":"https:\/\/www.rengoenlanoticia.cl\/prensa\/wp-json\/wp\/v2\/posts\/1019\/revisions"}],"predecessor-version":[{"id":1023,"href":"https:\/\/www.rengoenlanoticia.cl\/prensa\/wp-json\/wp\/v2\/posts\/1019\/revisions\/1023"}],"wp:attachment":[{"href":"https:\/\/www.rengoenlanoticia.cl\/prensa\/wp-json\/wp\/v2\/media?parent=1019"}],"wp:term":[{"taxonomy":"category","embeddable":true,"href":"https:\/\/www.rengoenlanoticia.cl\/prensa\/wp-json\/wp\/v2\/categories?post=1019"},{"taxonomy":"post_tag","embeddable":true,"href":"https:\/\/www.rengoenlanoticia.cl\/prensa\/wp-json\/wp\/v2\/tags?post=1019"}],"curies":[{"name":"wp","href":"https:\/\/api.w.org\/{rel}","templated":true}]}}